{"id":993,"date":"2019-08-05T15:32:27","date_gmt":"2019-08-05T15:32:27","guid":{"rendered":"https:\/\/rgaa.com.br\/?p=993"},"modified":"2019-12-17T20:44:08","modified_gmt":"2019-12-17T20:44:08","slug":"acao-popular","status":"publish","type":"post","link":"https:\/\/rgaa.com.br\/us\/acao-popular\/","title":{"rendered":"(Portugu\u00eas do Brasil) A\u00e7\u00e3o Popular"},"content":{"rendered":"<p class=\"qtranxs-available-languages-message qtranxs-available-languages-message-us\">Sorry, this entry is only available in <a href=\"https:\/\/rgaa.com.br\/pb\/wp-json\/wp\/v2\/posts\/993\" class=\"qtranxs-available-language-link qtranxs-available-language-link-pb\" title=\"Portugu\u00eas do Brasil\">Brazilian Portuguese<\/a>. For the sake of viewer convenience, the content is shown below in the alternative language. You may click the link to switch the active language.<\/p><p><\/p>\n<p style=\"font-weight: 400;\">A a\u00e7\u00e3o popular \u00e9 uma a\u00e7\u00e3o constitucional pelo qual se faria a defesa de interesses populares.<\/p>\n<div id=\"attachment_995\" style=\"width: 648px\" class=\"wp-caption alignnone\"><a href=\"https:\/\/rgaa.com.br\/wp-content\/uploads\/2019\/12\/social_groups.jpg\"><img aria-describedby=\"caption-attachment-995\" decoding=\"async\" loading=\"lazy\" class=\"size-full wp-image-995\" src=\"https:\/\/rgaa.com.br\/wp-content\/uploads\/2019\/12\/social_groups.jpg\" alt=\"\" width=\"638\" height=\"459\" srcset=\"https:\/\/rgaa.com.br\/wp-content\/uploads\/2019\/12\/social_groups.jpg 638w, https:\/\/rgaa.com.br\/wp-content\/uploads\/2019\/12\/social_groups-300x216.jpg 300w, https:\/\/rgaa.com.br\/wp-content\/uploads\/2019\/12\/social_groups-278x200.jpg 278w\" sizes=\"(max-width: 638px) 100vw, 638px\" \/><\/a><p id=\"caption-attachment-995\" class=\"wp-caption-text\">A\u00e7\u00e3o Popular<\/p><\/div>\n<p style=\"font-weight: 400;\">Tem o objetivo de obter declara\u00e7\u00e3o de que determinado ato praticado traria preju\u00edzo ao patrim\u00f4nio p\u00fablico, e portanto seria nulo ou anul\u00e1vel, buscando, ainda, obter a condena\u00e7\u00e3o do(s) respons\u00e1vel pelo ato impugnado.<\/p>\n<p style=\"font-weight: 400;\">O ato nulo seria decretado por meio de senten\u00e7a declarat\u00f3ria e o anul\u00e1vel por meio de senten\u00e7a constitutiva ou desconstitutiva.<\/p>\n<p style=\"font-weight: 400;\">Qualquer ou quaisquer cidad\u00e3os teriam legitimidade para propor esta a\u00e7\u00e3o (agindo em nome da coletividade).<\/p>\n<p style=\"font-weight: 400;\">Neste ato lesivo impugnado, de acordo com a lei, pode ou n\u00e3o ter causado preju\u00edzo ao patrim\u00f4nio, neste caso deve-se verificar se o ato se enquadra no artigo 2\u00ba ou 3\u00ba (lesivos) ou 4\u00aa (sem necessidade de les\u00e3o).<\/p>\n<p style=\"font-weight: 400;\">A compet\u00eancia \u00e9 similar aos processos comuns, devendo-se verificar qual ente integra o polo passivo.<\/p>\n<p style=\"font-weight: 400;\">O procedimento \u00e9 o ordin\u00e1rio, podendo haver antecipa\u00e7\u00e3o de tutela. \u00c9 permitido ao autor pedir com que o r\u00e9u apresente determinados documentos que ele n\u00e3o teria condi\u00e7\u00f5es de ter acesso.<\/p>\n<p style=\"font-weight: 400;\">Na a\u00e7\u00e3o popular o juiz tem liberdade para determinar que o autor inclua no polo passivo litisconsorte necess\u00e1rio (se n\u00e3o fizer, pode extinguir a\u00e7\u00e3o).<\/p>\n<p style=\"font-weight: 400;\">Quem apresenta parecer sobre legalidade de ato impugnado tamb\u00e9m pode responder na a\u00e7\u00e3o popular.<\/p>\n<p style=\"font-weight: 400;\">N\u00e3o cabe reconven\u00e7\u00e3o, mas cabe assist\u00eancia (inclusive litisconsorcial).<\/p>\n<p style=\"font-weight: 400;\">Como regra, n\u00e3o h\u00e1 condena\u00e7\u00e3o de honor\u00e1rios para o Autor que perde a a\u00e7\u00e3o.<\/p>\n<p style=\"font-weight: 400;\">A senten\u00e7a condenat\u00f3ria pode ser modulada e liquidada. A execu\u00e7\u00e3o pode ser requerida pelo autor ou, no seu sil\u00eancio, deve ser requerida pelo MP (que, inclusive, sempre atuar\u00e1 como fiscal da lei).<\/p>\n<p style=\"font-weight: 400;\">A senten\u00e7a de improced\u00eancia tem reexame necess\u00e1rio.<\/p>\n<p style=\"font-weight: 400;\">A coisa julgada n\u00e3o ser\u00e1 material quando a a\u00e7\u00e3o foi improcedente por falta de provas.<\/p>\n<p style=\"font-weight: 400;\">Os recursos cab\u00edveis: do pedido liminar cabe agravo de instrumento; contra a decis\u00e3o do relator do agravo cabe Mandado de Seguran\u00e7a; da senten\u00e7a cabe apela\u00e7\u00e3o (tem efeito suspensivo), podendo pedir a antecipa\u00e7\u00e3o da pretens\u00e3o recursal; do ac\u00f3rd\u00e3o cabe RESP e REX.<\/p>\n<p style=\"font-weight: 400;\"><strong>Advogada Paula Feliz Thoms <\/strong><\/p>\n<p style=\"font-weight: 400;\"><strong>Mestre em Direito<\/strong><\/p>\n<p><\/p>","protected":false},"excerpt":{"rendered":"<p>Sorry, this entry is only available in Brazilian Portuguese. For the sake of viewer convenience, the content is shown below in the alternative language. You may click the link to switch the active language. A a\u00e7\u00e3o popular \u00e9 uma a\u00e7\u00e3o constitucional pelo qual se faria a defesa de interesses populares. Tem o objetivo de obter&#8230;<\/p>\n","protected":false},"author":5,"featured_media":994,"comment_status":"open","ping_status":"open","sticky":false,"template":"","format":"standard","meta":[],"categories":[1],"tags":[458,208,459,229],"yoast_head":"<!-- This site is optimized with the Yoast SEO plugin v20.0 - https:\/\/yoast.com\/wordpress\/plugins\/seo\/ -->\n<title><\/title>\n<meta name=\"description\" content=\"Na a\u00e7\u00e3o popular o juiz tem liberdade para determinar que o autor inclua no polo passivo litisconsorte necess\u00e1rio (se n\u00e3o fizer, pode extinguir a\u00e7\u00e3o). Saiba mais em nosso blog!\" \/>\n<meta name=\"robots\" content=\"index, follow, max-snippet:-1, max-image-preview:large, max-video-preview:-1\" \/>\n<link rel=\"canonical\" href=\"https:\/\/rgaa.com.br\/acao-popular\/\" \/>\n<meta property=\"og:locale\" content=\"en_US\" \/>\n<meta property=\"og:type\" content=\"article\" \/>\n<meta property=\"og:title\" content=\"[:pb]A\u00e7\u00e3o Popular[:] - RGAA\" \/>\n<meta property=\"og:description\" content=\"Na a\u00e7\u00e3o popular o juiz tem liberdade para determinar que o autor inclua no polo passivo litisconsorte necess\u00e1rio (se n\u00e3o fizer, pode extinguir a\u00e7\u00e3o). Saiba mais em nosso blog!\" \/>\n<meta property=\"og:url\" content=\"https:\/\/rgaa.com.br\/acao-popular\/\" \/>\n<meta property=\"og:site_name\" content=\"RGAA\" \/>\n<meta property=\"article:published_time\" content=\"2019-08-05T15:32:27+00:00\" \/>\n<meta property=\"article:modified_time\" content=\"2019-12-17T20:44:08+00:00\" \/>\n<meta property=\"og:image\" content=\"https:\/\/rgaa.com.br\/wp-content\/uploads\/2019\/12\/shutterstock_150364787.jpg\" \/>\n\t<meta property=\"og:image:width\" content=\"1000\" \/>\n\t<meta property=\"og:image:height\" content=\"667\" \/>\n\t<meta property=\"og:image:type\" content=\"image\/jpeg\" \/>\n<meta name=\"author\" content=\"Marketing\" \/>\n<meta name=\"twitter:card\" content=\"summary_large_image\" \/>\n<meta name=\"twitter:label1\" content=\"Written by\" \/>\n\t<meta name=\"twitter:data1\" content=\"Marketing\" \/>\n\t<meta name=\"twitter:label2\" content=\"Est. reading time\" \/>\n\t<meta name=\"twitter:data2\" content=\"2 minutes\" \/>\n<script type=\"application\/ld+json\" class=\"yoast-schema-graph\">{\"@context\":\"https:\/\/schema.org\",\"@graph\":[{\"@type\":\"WebPage\",\"@id\":\"https:\/\/rgaa.com.br\/acao-popular\/\",\"url\":\"https:\/\/rgaa.com.br\/acao-popular\/\",\"name\":\"[:pb]A\u00e7\u00e3o Popular[:] - RGAA\",\"isPartOf\":{\"@id\":\"https:\/\/rgaa.com.br\/us\/#website\"},\"datePublished\":\"2019-08-05T15:32:27+00:00\",\"dateModified\":\"2019-12-17T20:44:08+00:00\",\"author\":{\"@id\":\"https:\/\/rgaa.com.br\/us\/#\/schema\/person\/2dca771f785d6eda5433082c90a1ad36\"},\"description\":\"Na a\u00e7\u00e3o popular o juiz tem liberdade para determinar que o autor inclua no polo passivo litisconsorte necess\u00e1rio (se n\u00e3o fizer, pode extinguir a\u00e7\u00e3o). Saiba mais em nosso blog!\",\"breadcrumb\":{\"@id\":\"https:\/\/rgaa.com.br\/acao-popular\/#breadcrumb\"},\"inLanguage\":\"en-US\",\"potentialAction\":[{\"@type\":\"ReadAction\",\"target\":[\"https:\/\/rgaa.com.br\/acao-popular\/\"]}]},{\"@type\":\"BreadcrumbList\",\"@id\":\"https:\/\/rgaa.com.br\/acao-popular\/#breadcrumb\",\"itemListElement\":[{\"@type\":\"ListItem\",\"position\":1,\"name\":\"In\u00edcio\",\"item\":\"https:\/\/rgaa.com.br\/us\/\"},{\"@type\":\"ListItem\",\"position\":2,\"name\":\"A\u00e7\u00e3o Popular\"}]},{\"@type\":\"WebSite\",\"@id\":\"https:\/\/rgaa.com.br\/us\/#website\",\"url\":\"https:\/\/rgaa.com.br\/us\/\",\"name\":\"RGAA\",\"description\":\"Rebelo Gloger Advogados Associados\",\"potentialAction\":[{\"@type\":\"SearchAction\",\"target\":{\"@type\":\"EntryPoint\",\"urlTemplate\":\"https:\/\/rgaa.com.br\/us\/?s={search_term_string}\"},\"query-input\":\"required name=search_term_string\"}],\"inLanguage\":\"en-US\"},{\"@type\":\"Person\",\"@id\":\"https:\/\/rgaa.com.br\/us\/#\/schema\/person\/2dca771f785d6eda5433082c90a1ad36\",\"name\":\"Marketing\",\"image\":{\"@type\":\"ImageObject\",\"inLanguage\":\"en-US\",\"@id\":\"https:\/\/rgaa.com.br\/us\/#\/schema\/person\/image\/\",\"url\":\"https:\/\/secure.gravatar.com\/avatar\/39449f3af3ca82f2f6da77eb8eb90823?s=96&d=mm&r=g\",\"contentUrl\":\"https:\/\/secure.gravatar.com\/avatar\/39449f3af3ca82f2f6da77eb8eb90823?s=96&d=mm&r=g\",\"caption\":\"Marketing\"},\"url\":\"https:\/\/rgaa.com.br\/us\/author\/marketing\/\"}]}<\/script>\n<!-- \/ Yoast SEO plugin. -->","yoast_head_json":{"title":"[:pb]A\u00e7\u00e3o Popular[:] - RGAA","description":"Na a\u00e7\u00e3o popular o juiz tem liberdade para determinar que o autor inclua no polo passivo litisconsorte necess\u00e1rio (se n\u00e3o fizer, pode extinguir a\u00e7\u00e3o). Saiba mais em nosso blog!","robots":{"index":"index","follow":"follow","max-snippet":"max-snippet:-1","max-image-preview":"max-image-preview:large","max-video-preview":"max-video-preview:-1"},"canonical":"https:\/\/rgaa.com.br\/acao-popular\/","og_locale":"en_US","og_type":"article","og_title":"[:pb]A\u00e7\u00e3o Popular[:] - RGAA","og_description":"Na a\u00e7\u00e3o popular o juiz tem liberdade para determinar que o autor inclua no polo passivo litisconsorte necess\u00e1rio (se n\u00e3o fizer, pode extinguir a\u00e7\u00e3o). Saiba mais em nosso blog!","og_url":"https:\/\/rgaa.com.br\/acao-popular\/","og_site_name":"RGAA","article_published_time":"2019-08-05T15:32:27+00:00","article_modified_time":"2019-12-17T20:44:08+00:00","og_image":[{"width":1000,"height":667,"url":"https:\/\/rgaa.com.br\/wp-content\/uploads\/2019\/12\/shutterstock_150364787.jpg","type":"image\/jpeg"}],"author":"Marketing","twitter_card":"summary_large_image","twitter_misc":{"Written by":"Marketing","Est. reading time":"2 minutes"},"schema":{"@context":"https:\/\/schema.org","@graph":[{"@type":"WebPage","@id":"https:\/\/rgaa.com.br\/acao-popular\/","url":"https:\/\/rgaa.com.br\/acao-popular\/","name":"[:pb]A\u00e7\u00e3o Popular[:] - RGAA","isPartOf":{"@id":"https:\/\/rgaa.com.br\/us\/#website"},"datePublished":"2019-08-05T15:32:27+00:00","dateModified":"2019-12-17T20:44:08+00:00","author":{"@id":"https:\/\/rgaa.com.br\/us\/#\/schema\/person\/2dca771f785d6eda5433082c90a1ad36"},"description":"Na a\u00e7\u00e3o popular o juiz tem liberdade para determinar que o autor inclua no polo passivo litisconsorte necess\u00e1rio (se n\u00e3o fizer, pode extinguir a\u00e7\u00e3o). Saiba mais em nosso blog!","breadcrumb":{"@id":"https:\/\/rgaa.com.br\/acao-popular\/#breadcrumb"},"inLanguage":"en-US","potentialAction":[{"@type":"ReadAction","target":["https:\/\/rgaa.com.br\/acao-popular\/"]}]},{"@type":"BreadcrumbList","@id":"https:\/\/rgaa.com.br\/acao-popular\/#breadcrumb","itemListElement":[{"@type":"ListItem","position":1,"name":"In\u00edcio","item":"https:\/\/rgaa.com.br\/us\/"},{"@type":"ListItem","position":2,"name":"A\u00e7\u00e3o Popular"}]},{"@type":"WebSite","@id":"https:\/\/rgaa.com.br\/us\/#website","url":"https:\/\/rgaa.com.br\/us\/","name":"RGAA","description":"Rebelo Gloger Advogados Associados","potentialAction":[{"@type":"SearchAction","target":{"@type":"EntryPoint","urlTemplate":"https:\/\/rgaa.com.br\/us\/?s={search_term_string}"},"query-input":"required name=search_term_string"}],"inLanguage":"en-US"},{"@type":"Person","@id":"https:\/\/rgaa.com.br\/us\/#\/schema\/person\/2dca771f785d6eda5433082c90a1ad36","name":"Marketing","image":{"@type":"ImageObject","inLanguage":"en-US","@id":"https:\/\/rgaa.com.br\/us\/#\/schema\/person\/image\/","url":"https:\/\/secure.gravatar.com\/avatar\/39449f3af3ca82f2f6da77eb8eb90823?s=96&d=mm&r=g","contentUrl":"https:\/\/secure.gravatar.com\/avatar\/39449f3af3ca82f2f6da77eb8eb90823?s=96&d=mm&r=g","caption":"Marketing"},"url":"https:\/\/rgaa.com.br\/us\/author\/marketing\/"}]}},"_links":{"self":[{"href":"https:\/\/rgaa.com.br\/us\/wp-json\/wp\/v2\/posts\/993"}],"collection":[{"href":"https:\/\/rgaa.com.br\/us\/wp-json\/wp\/v2\/posts"}],"about":[{"href":"https:\/\/rgaa.com.br\/us\/wp-json\/wp\/v2\/types\/post"}],"author":[{"embeddable":true,"href":"https:\/\/rgaa.com.br\/us\/wp-json\/wp\/v2\/users\/5"}],"replies":[{"embeddable":true,"href":"https:\/\/rgaa.com.br\/us\/wp-json\/wp\/v2\/comments?post=993"}],"version-history":[{"count":1,"href":"https:\/\/rgaa.com.br\/us\/wp-json\/wp\/v2\/posts\/993\/revisions"}],"predecessor-version":[{"id":996,"href":"https:\/\/rgaa.com.br\/us\/wp-json\/wp\/v2\/posts\/993\/revisions\/996"}],"wp:featuredmedia":[{"embeddable":true,"href":"https:\/\/rgaa.com.br\/us\/wp-json\/wp\/v2\/media\/994"}],"wp:attachment":[{"href":"https:\/\/rgaa.com.br\/us\/wp-json\/wp\/v2\/media?parent=993"}],"wp:term":[{"taxonomy":"category","embeddable":true,"href":"https:\/\/rgaa.com.br\/us\/wp-json\/wp\/v2\/categories?post=993"},{"taxonomy":"post_tag","embeddable":true,"href":"https:\/\/rgaa.com.br\/us\/wp-json\/wp\/v2\/tags?post=993"}],"curies":[{"name":"wp","href":"https:\/\/api.w.org\/{rel}","templated":true}]}}