{"id":1363,"date":"2022-06-17T17:04:10","date_gmt":"2022-06-17T17:04:10","guid":{"rendered":"https:\/\/rgaa.com.br\/?p=1363"},"modified":"2022-06-17T17:47:36","modified_gmt":"2022-06-17T17:47:36","slug":"anpd-ganha-status-de-autarquia-especial-e-eleva-o-brasil-no-cenario-mundial-de-protecao-de-dados-pessoais","status":"publish","type":"post","link":"https:\/\/rgaa.com.br\/us\/anpd-ganha-status-de-autarquia-especial-e-eleva-o-brasil-no-cenario-mundial-de-protecao-de-dados-pessoais\/","title":{"rendered":"(Portugu\u00eas do Brasil) ANPD GANHA STATUS DE AUTARQUIA ESPECIAL e eleva o Brasil no cen\u00e1rio mundial de Prote\u00e7\u00e3o de Dados Pessoais"},"content":{"rendered":"<p class=\"qtranxs-available-languages-message qtranxs-available-languages-message-us\">Sorry, this entry is only available in <a href=\"https:\/\/rgaa.com.br\/pb\/wp-json\/wp\/v2\/posts\/1363\" class=\"qtranxs-available-language-link qtranxs-available-language-link-pb\" title=\"Portugu\u00eas do Brasil\">Brazilian Portuguese<\/a>. For the sake of viewer convenience, the content is shown below in the alternative language. You may click the link to switch the active language.<\/p><p>A Autoridade Nacional de Prote\u00e7\u00e3o de Dados Pessoais, ANPD, deixou de ser um \u00f3rg\u00e3o da Presid\u00eancia da Rep\u00fablica e foi transformada em Autarquia de Natureza Especial pela Medida Provis\u00f3ria n. 1.124\/2022, assinada pelo Presidente Jair Bolsonaro e publicada em 14.06.2022.<\/p>\n<p>O que isso significa? Que a ANPD ganhou autonomia t\u00e9cnica e administrativa, bem como patrim\u00f4nio pr\u00f3prio, elevando o patamar do Brasil no cen\u00e1rio mundial de adequa\u00e7\u00e3o e Prote\u00e7\u00e3o de Dados Pessoais \u2013 o que, inclusive, deve cooperar com seu ingresso junto \u00e0 OCDE (Organiza\u00e7\u00e3o para a Coopera\u00e7\u00e3o e Desenvolvimento Econ\u00f4mico), demonstrando que o pa\u00eds trata o tema com seriedade n\u00e3o s\u00f3 no que diz respeito \u00e0 atua\u00e7\u00e3o privada, mas tamb\u00e9m p\u00fablica.<\/p>\n<p>Isso porque a independ\u00eancia da ANPD \u00e9 fundamental para que ela possa tomar decis\u00f5es sem conflito de interesses e com maior seguran\u00e7a jur\u00eddica. Afinal, na condi\u00e7\u00e3o anterior, de \u00f3rg\u00e3o da Presid\u00eancia, sua atua\u00e7\u00e3o poderia ser questionada e at\u00e9 mesmo limitada pelo Poder Executivo \u2013 o que a colocava em uma situa\u00e7\u00e3o fr\u00e1gil para investigar eventual conformidade ou incidente relacionados aos entes p\u00fablicos e, ainda mais, para aplicar uma san\u00e7\u00e3o.<\/p>\n<p>Ademais, como autarquia especial, a ANPD ganha essa independ\u00eancia n\u00e3o s\u00f3 para sua atua\u00e7\u00e3o administrativa, mas tamb\u00e9m para atuar em ju\u00edzo, vez que, como autarquia especial tem legitimidade jur\u00eddica para promover eventuais a\u00e7\u00f5es que sejam necess\u00e1rias para o desempenho de suas fun\u00e7\u00f5es, podendo, at\u00e9 mesmo, propor a\u00e7\u00e3o civil p\u00fablica de responsabilidade por danos causados ao consumidor.<\/p>\n<p>Portanto, o novo status amplia o poder da ANPD e traz transpar\u00eancia e maior seguran\u00e7a \u00e0s suas decis\u00f5es e atua\u00e7\u00e3o.<\/p>\n<p>A Medida Provis\u00f3ria tem for\u00e7a transit\u00f3ria e, para que seus efeitos sejam definitivos, ela precisa ser aprovada pela C\u00e2mara dos Deputados e do Senado Federal. Enquanto tais casas n\u00e3o aprovam ou rejeitam a MP, vale comemor\u00e1-la e lembrar que ela tem for\u00e7a de lei e \u00e9 v\u00e1lida a partir de sua publica\u00e7\u00e3o.<\/p>\n<p>&nbsp;<\/p>\n<p>Confira a \u00edntegra da MP n. 1.124\/2022 em: <a href=\"https:\/\/www.in.gov.br\/en\/web\/dou\/-\/medida-provisoria-n-1.124-de-13-de-junho-de-2022-407804608\">https:\/\/www.in.gov.br\/en\/web\/dou\/-\/medida-provisoria-n-1.124-de-13-de-junho-de-2022-407804608<\/a><\/p>\n<p><strong>\u00a0<\/strong><\/p>\n<p>Emelyn Zamperlin<br \/>\n<strong>Advogada especializada em Direito Digital e Prote\u00e7\u00e3o de Dados Pessoais<\/strong><\/p>","protected":false},"excerpt":{"rendered":"<p>Sorry, this entry is only available in Brazilian Portuguese. For the sake of viewer convenience, the content is shown below in the alternative language. You may click the link to switch the active language.A Autoridade Nacional de Prote\u00e7\u00e3o de Dados Pessoais, ANPD, deixou de ser um \u00f3rg\u00e3o da Presid\u00eancia da Rep\u00fablica e foi transformada em&#8230;<\/p>\n","protected":false},"author":7,"featured_media":1366,"comment_status":"open","ping_status":"open","sticky":false,"template":"","format":"standard","meta":[],"categories":[1],"tags":[],"yoast_head":"<!-- This site is optimized with the Yoast SEO plugin v20.0 - https:\/\/yoast.com\/wordpress\/plugins\/seo\/ -->\n<title><\/title>\n<meta name=\"description\" content=\"Rebelo Gloger Advogados Associados\" \/>\n<meta name=\"robots\" content=\"index, follow, max-snippet:-1, max-image-preview:large, max-video-preview:-1\" \/>\n<link rel=\"canonical\" href=\"https:\/\/rgaa.com.br\/anpd-ganha-status-de-autarquia-especial-e-eleva-o-brasil-no-cenario-mundial-de-protecao-de-dados-pessoais\/\" \/>\n<meta property=\"og:locale\" content=\"en_US\" \/>\n<meta property=\"og:type\" content=\"article\" \/>\n<meta property=\"og:title\" content=\"[:pb]ANPD GANHA STATUS DE AUTARQUIA ESPECIAL e eleva o Brasil no cen\u00e1rio mundial de Prote\u00e7\u00e3o de Dados Pessoais[:] - RGAA\" \/>\n<meta property=\"og:description\" content=\"Rebelo Gloger Advogados Associados\" \/>\n<meta property=\"og:url\" content=\"https:\/\/rgaa.com.br\/anpd-ganha-status-de-autarquia-especial-e-eleva-o-brasil-no-cenario-mundial-de-protecao-de-dados-pessoais\/\" \/>\n<meta property=\"og:site_name\" content=\"RGAA\" \/>\n<meta property=\"article:published_time\" content=\"2022-06-17T17:04:10+00:00\" \/>\n<meta property=\"article:modified_time\" content=\"2022-06-17T17:47:36+00:00\" \/>\n<meta property=\"og:image\" content=\"https:\/\/rgaa.com.br\/wp-content\/uploads\/2022\/06\/ea933bf9-348f-402f-ba00-0b1ec7f782c1.jpg\" \/>\n\t<meta property=\"og:image:width\" content=\"1080\" \/>\n\t<meta property=\"og:image:height\" content=\"349\" \/>\n\t<meta property=\"og:image:type\" content=\"image\/jpeg\" \/>\n<meta name=\"author\" content=\"RGAA\" \/>\n<meta name=\"twitter:card\" content=\"summary_large_image\" \/>\n<meta name=\"twitter:label1\" content=\"Written by\" \/>\n\t<meta name=\"twitter:data1\" content=\"RGAA\" \/>\n\t<meta name=\"twitter:label2\" content=\"Est. reading time\" \/>\n\t<meta name=\"twitter:data2\" content=\"2 minutes\" \/>\n<script type=\"application\/ld+json\" class=\"yoast-schema-graph\">{\"@context\":\"https:\/\/schema.org\",\"@graph\":[{\"@type\":\"WebPage\",\"@id\":\"https:\/\/rgaa.com.br\/anpd-ganha-status-de-autarquia-especial-e-eleva-o-brasil-no-cenario-mundial-de-protecao-de-dados-pessoais\/\",\"url\":\"https:\/\/rgaa.com.br\/anpd-ganha-status-de-autarquia-especial-e-eleva-o-brasil-no-cenario-mundial-de-protecao-de-dados-pessoais\/\",\"name\":\"[:pb]ANPD GANHA STATUS DE AUTARQUIA ESPECIAL e eleva o Brasil no cen\u00e1rio mundial de Prote\u00e7\u00e3o de Dados Pessoais[:] - RGAA\",\"isPartOf\":{\"@id\":\"https:\/\/rgaa.com.br\/us\/#website\"},\"datePublished\":\"2022-06-17T17:04:10+00:00\",\"dateModified\":\"2022-06-17T17:47:36+00:00\",\"author\":{\"@id\":\"https:\/\/rgaa.com.br\/us\/#\/schema\/person\/c3a0e736f22002c899c285dd82667ee4\"},\"description\":\"Rebelo Gloger Advogados Associados\",\"breadcrumb\":{\"@id\":\"https:\/\/rgaa.com.br\/anpd-ganha-status-de-autarquia-especial-e-eleva-o-brasil-no-cenario-mundial-de-protecao-de-dados-pessoais\/#breadcrumb\"},\"inLanguage\":\"en-US\",\"potentialAction\":[{\"@type\":\"ReadAction\",\"target\":[\"https:\/\/rgaa.com.br\/anpd-ganha-status-de-autarquia-especial-e-eleva-o-brasil-no-cenario-mundial-de-protecao-de-dados-pessoais\/\"]}]},{\"@type\":\"BreadcrumbList\",\"@id\":\"https:\/\/rgaa.com.br\/anpd-ganha-status-de-autarquia-especial-e-eleva-o-brasil-no-cenario-mundial-de-protecao-de-dados-pessoais\/#breadcrumb\",\"itemListElement\":[{\"@type\":\"ListItem\",\"position\":1,\"name\":\"In\u00edcio\",\"item\":\"https:\/\/rgaa.com.br\/us\/\"},{\"@type\":\"ListItem\",\"position\":2,\"name\":\"ANPD GANHA STATUS DE AUTARQUIA ESPECIAL e eleva o Brasil no cen\u00e1rio mundial de Prote\u00e7\u00e3o de Dados Pessoais\"}]},{\"@type\":\"WebSite\",\"@id\":\"https:\/\/rgaa.com.br\/us\/#website\",\"url\":\"https:\/\/rgaa.com.br\/us\/\",\"name\":\"RGAA\",\"description\":\"Rebelo Gloger Advogados Associados\",\"potentialAction\":[{\"@type\":\"SearchAction\",\"target\":{\"@type\":\"EntryPoint\",\"urlTemplate\":\"https:\/\/rgaa.com.br\/us\/?s={search_term_string}\"},\"query-input\":\"required name=search_term_string\"}],\"inLanguage\":\"en-US\"},{\"@type\":\"Person\",\"@id\":\"https:\/\/rgaa.com.br\/us\/#\/schema\/person\/c3a0e736f22002c899c285dd82667ee4\",\"name\":\"RGAA\",\"image\":{\"@type\":\"ImageObject\",\"inLanguage\":\"en-US\",\"@id\":\"https:\/\/rgaa.com.br\/us\/#\/schema\/person\/image\/\",\"url\":\"https:\/\/secure.gravatar.com\/avatar\/4300b5b3df028031afe9b5b9c2071f93?s=96&d=mm&r=g\",\"contentUrl\":\"https:\/\/secure.gravatar.com\/avatar\/4300b5b3df028031afe9b5b9c2071f93?s=96&d=mm&r=g\",\"caption\":\"RGAA\"},\"url\":\"https:\/\/rgaa.com.br\/us\/author\/rgaacombradmin\/\"}]}<\/script>\n<!-- \/ Yoast SEO plugin. -->","yoast_head_json":{"title":"[:pb]ANPD GANHA STATUS DE AUTARQUIA ESPECIAL e eleva o Brasil no cen\u00e1rio mundial de Prote\u00e7\u00e3o de Dados Pessoais[:] - RGAA","description":"Rebelo Gloger Advogados Associados","robots":{"index":"index","follow":"follow","max-snippet":"max-snippet:-1","max-image-preview":"max-image-preview:large","max-video-preview":"max-video-preview:-1"},"canonical":"https:\/\/rgaa.com.br\/anpd-ganha-status-de-autarquia-especial-e-eleva-o-brasil-no-cenario-mundial-de-protecao-de-dados-pessoais\/","og_locale":"en_US","og_type":"article","og_title":"[:pb]ANPD GANHA STATUS DE AUTARQUIA ESPECIAL e eleva o Brasil no cen\u00e1rio mundial de Prote\u00e7\u00e3o de Dados Pessoais[:] - RGAA","og_description":"Rebelo Gloger Advogados Associados","og_url":"https:\/\/rgaa.com.br\/anpd-ganha-status-de-autarquia-especial-e-eleva-o-brasil-no-cenario-mundial-de-protecao-de-dados-pessoais\/","og_site_name":"RGAA","article_published_time":"2022-06-17T17:04:10+00:00","article_modified_time":"2022-06-17T17:47:36+00:00","og_image":[{"width":1080,"height":349,"url":"https:\/\/rgaa.com.br\/wp-content\/uploads\/2022\/06\/ea933bf9-348f-402f-ba00-0b1ec7f782c1.jpg","type":"image\/jpeg"}],"author":"RGAA","twitter_card":"summary_large_image","twitter_misc":{"Written by":"RGAA","Est. reading time":"2 minutes"},"schema":{"@context":"https:\/\/schema.org","@graph":[{"@type":"WebPage","@id":"https:\/\/rgaa.com.br\/anpd-ganha-status-de-autarquia-especial-e-eleva-o-brasil-no-cenario-mundial-de-protecao-de-dados-pessoais\/","url":"https:\/\/rgaa.com.br\/anpd-ganha-status-de-autarquia-especial-e-eleva-o-brasil-no-cenario-mundial-de-protecao-de-dados-pessoais\/","name":"[:pb]ANPD GANHA STATUS DE AUTARQUIA ESPECIAL e eleva o Brasil no cen\u00e1rio mundial de Prote\u00e7\u00e3o de Dados Pessoais[:] - RGAA","isPartOf":{"@id":"https:\/\/rgaa.com.br\/us\/#website"},"datePublished":"2022-06-17T17:04:10+00:00","dateModified":"2022-06-17T17:47:36+00:00","author":{"@id":"https:\/\/rgaa.com.br\/us\/#\/schema\/person\/c3a0e736f22002c899c285dd82667ee4"},"description":"Rebelo Gloger Advogados Associados","breadcrumb":{"@id":"https:\/\/rgaa.com.br\/anpd-ganha-status-de-autarquia-especial-e-eleva-o-brasil-no-cenario-mundial-de-protecao-de-dados-pessoais\/#breadcrumb"},"inLanguage":"en-US","potentialAction":[{"@type":"ReadAction","target":["https:\/\/rgaa.com.br\/anpd-ganha-status-de-autarquia-especial-e-eleva-o-brasil-no-cenario-mundial-de-protecao-de-dados-pessoais\/"]}]},{"@type":"BreadcrumbList","@id":"https:\/\/rgaa.com.br\/anpd-ganha-status-de-autarquia-especial-e-eleva-o-brasil-no-cenario-mundial-de-protecao-de-dados-pessoais\/#breadcrumb","itemListElement":[{"@type":"ListItem","position":1,"name":"In\u00edcio","item":"https:\/\/rgaa.com.br\/us\/"},{"@type":"ListItem","position":2,"name":"ANPD GANHA STATUS DE AUTARQUIA ESPECIAL e eleva o Brasil no cen\u00e1rio mundial de Prote\u00e7\u00e3o de Dados Pessoais"}]},{"@type":"WebSite","@id":"https:\/\/rgaa.com.br\/us\/#website","url":"https:\/\/rgaa.com.br\/us\/","name":"RGAA","description":"Rebelo Gloger Advogados Associados","potentialAction":[{"@type":"SearchAction","target":{"@type":"EntryPoint","urlTemplate":"https:\/\/rgaa.com.br\/us\/?s={search_term_string}"},"query-input":"required name=search_term_string"}],"inLanguage":"en-US"},{"@type":"Person","@id":"https:\/\/rgaa.com.br\/us\/#\/schema\/person\/c3a0e736f22002c899c285dd82667ee4","name":"RGAA","image":{"@type":"ImageObject","inLanguage":"en-US","@id":"https:\/\/rgaa.com.br\/us\/#\/schema\/person\/image\/","url":"https:\/\/secure.gravatar.com\/avatar\/4300b5b3df028031afe9b5b9c2071f93?s=96&d=mm&r=g","contentUrl":"https:\/\/secure.gravatar.com\/avatar\/4300b5b3df028031afe9b5b9c2071f93?s=96&d=mm&r=g","caption":"RGAA"},"url":"https:\/\/rgaa.com.br\/us\/author\/rgaacombradmin\/"}]}},"_links":{"self":[{"href":"https:\/\/rgaa.com.br\/us\/wp-json\/wp\/v2\/posts\/1363"}],"collection":[{"href":"https:\/\/rgaa.com.br\/us\/wp-json\/wp\/v2\/posts"}],"about":[{"href":"https:\/\/rgaa.com.br\/us\/wp-json\/wp\/v2\/types\/post"}],"author":[{"embeddable":true,"href":"https:\/\/rgaa.com.br\/us\/wp-json\/wp\/v2\/users\/7"}],"replies":[{"embeddable":true,"href":"https:\/\/rgaa.com.br\/us\/wp-json\/wp\/v2\/comments?post=1363"}],"version-history":[{"count":2,"href":"https:\/\/rgaa.com.br\/us\/wp-json\/wp\/v2\/posts\/1363\/revisions"}],"predecessor-version":[{"id":1367,"href":"https:\/\/rgaa.com.br\/us\/wp-json\/wp\/v2\/posts\/1363\/revisions\/1367"}],"wp:featuredmedia":[{"embeddable":true,"href":"https:\/\/rgaa.com.br\/us\/wp-json\/wp\/v2\/media\/1366"}],"wp:attachment":[{"href":"https:\/\/rgaa.com.br\/us\/wp-json\/wp\/v2\/media?parent=1363"}],"wp:term":[{"taxonomy":"category","embeddable":true,"href":"https:\/\/rgaa.com.br\/us\/wp-json\/wp\/v2\/categories?post=1363"},{"taxonomy":"post_tag","embeddable":true,"href":"https:\/\/rgaa.com.br\/us\/wp-json\/wp\/v2\/tags?post=1363"}],"curies":[{"name":"wp","href":"https:\/\/api.w.org\/{rel}","templated":true}]}}