{"id":1132,"date":"2020-04-04T00:04:47","date_gmt":"2020-04-04T00:04:47","guid":{"rendered":"https:\/\/rgaa.com.br\/?p=1132"},"modified":"2020-04-04T00:44:46","modified_gmt":"2020-04-04T00:44:46","slug":"coronavirus-pacote-tributario","status":"publish","type":"post","link":"https:\/\/rgaa.com.br\/us\/coronavirus-pacote-tributario\/","title":{"rendered":"(Portugu\u00eas do Brasil) CORONAV\u00cdRUS &#8211; Pacote Tribut\u00e1rio"},"content":{"rendered":"<p class=\"qtranxs-available-languages-message qtranxs-available-languages-message-us\">Sorry, this entry is only available in <a href=\"https:\/\/rgaa.com.br\/pb\/wp-json\/wp\/v2\/posts\/1132\" class=\"qtranxs-available-language-link qtranxs-available-language-link-pb\" title=\"Portugu\u00eas do Brasil\">Brazilian Portuguese<\/a>. For the sake of viewer convenience, the content is shown below in the alternative language. You may click the link to switch the active language.<\/p><p><span data-contrast=\"none\">Em decorr\u00eancia\u00a0<\/span><span data-contrast=\"none\">da pandemia do\u00a0<\/span><span data-contrast=\"none\">novo\u00a0<\/span><span data-contrast=\"none\">coronav\u00edrus<\/span><span data-contrast=\"none\">,\u00a0<\/span><span data-contrast=\"none\">o Governo Federal\u00a0<\/span><span data-contrast=\"none\">tem\u00a0<\/span><span data-contrast=\"none\">adotado\u00a0<\/span><span data-contrast=\"none\">diversas<\/span><span data-contrast=\"none\">\u00a0medidas para\u00a0<\/span><span data-contrast=\"none\">enfrentar seu impacto econ\u00f4mico no Brasil.<\/span><span data-ccp-props=\"{&quot;201341983&quot;:0,&quot;335551550&quot;:6,&quot;335551620&quot;:6,&quot;335559739&quot;:160,&quot;335559740&quot;:293}\" data-wac-het=\"1\">\u00a0<\/span><\/p>\n<p><span data-contrast=\"none\">Diariamente<\/span><span data-contrast=\"none\">\u00a0t<\/span><span data-contrast=\"none\">\u00ea<\/span><span data-contrast=\"none\">m sido aprovado<\/span><span data-contrast=\"none\">s<\/span><span data-contrast=\"none\">\u00a0Medidas Provis\u00f3rias,\u00a0<\/span><span data-contrast=\"none\">Decretos<\/span><span data-contrast=\"none\">, Instru\u00e7\u00f5es Normativas<\/span><span data-contrast=\"none\">\u00a0e\u00a0<\/span><span data-contrast=\"none\">Portarias<\/span><span data-contrast=\"none\">\u00a0<\/span><span data-contrast=\"none\">deliberando sobre\u00a0<\/span><span data-contrast=\"none\">a prorroga\u00e7\u00e3o do recolhimento de\u00a0<\/span><span data-contrast=\"none\">tributos<\/span><span data-contrast=\"none\">\u00a0e redu\u00e7\u00e3o de suas al\u00edquotas, dentre outras medidas.<\/span><span data-ccp-props=\"{&quot;201341983&quot;:0,&quot;335551550&quot;:6,&quot;335551620&quot;:6,&quot;335559739&quot;:160,&quot;335559740&quot;:293}\" data-wac-het=\"1\">\u00a0<\/span><\/p>\n<p><span data-contrast=\"none\">A seguir<\/span><span data-contrast=\"none\">,<\/span><span data-contrast=\"none\">\u00a0apresenta<\/span><span data-contrast=\"none\">-se<\/span><span data-contrast=\"none\">\u00a0um resumo sobre\u00a0<\/span><span data-contrast=\"none\">referidas decis\u00f5es<\/span><span data-contrast=\"none\">\u00a0<\/span><span data-contrast=\"none\">e\u00a0<\/span><span data-contrast=\"none\">algumas\u00a0<\/span><span data-contrast=\"none\">orienta\u00e7\u00f5es<\/span><span data-contrast=\"none\">\u00a0pr\u00e1ticas<\/span><span data-contrast=\"none\">.<\/span><span data-ccp-props=\"{&quot;201341983&quot;:0,&quot;335551550&quot;:6,&quot;335551620&quot;:6,&quot;335559739&quot;:160,&quot;335559740&quot;:293}\" data-wac-het=\"1\">\u00a0<\/span><\/p>\n<p><b><span data-contrast=\"none\">TRIBUTOS FEDERAIS\u00a0<\/span><\/b><span data-ccp-props=\"{&quot;201341983&quot;:0,&quot;335551550&quot;:6,&quot;335551620&quot;:6,&quot;335559739&quot;:160,&quot;335559740&quot;:293}\" data-wac-het=\"1\">\u00a0<\/span><\/p>\n<p><b><span data-contrast=\"none\">1 &#8211; INSS\u00a0<\/span><\/b><b><span data-contrast=\"none\">E PIS\/COFINS \u2013<\/span><\/b><b><span data-contrast=\"none\">\u00a0<\/span><\/b><b><span data-contrast=\"none\">PORTARIA N. 139, DE 3 DE ABRIL DE 2020<\/span><\/b><span data-ccp-props=\"{&quot;134233279&quot;:true,&quot;201341983&quot;:0,&quot;335551550&quot;:6,&quot;335551620&quot;:6,&quot;335559685&quot;:426,&quot;335559739&quot;:160,&quot;335559740&quot;:293}\" data-wac-het=\"1\">\u00a0<\/span><\/p>\n<ul>\n<li data-leveltext=\"\uf0d8\" data-font=\"Wingdings\" data-listid=\"19\" aria-setsize=\"-1\" data-aria-posinset=\"1\" data-aria-level=\"1\"><span data-contrast=\"none\">Prorroga o prazo para pagamento de tributos federais de mar\u00e7o e abril de 2020.<\/span><span data-ccp-props=\"{&quot;134233279&quot;:true,&quot;201341983&quot;:0,&quot;335551550&quot;:6,&quot;335551620&quot;:6,&quot;335559685&quot;:709,&quot;335559739&quot;:160,&quot;335559740&quot;:293}\" data-wac-het=\"1\">\u00a0<\/span><\/li>\n<\/ul>\n<p><b><span data-contrast=\"none\">INSS<\/span><\/b><span data-ccp-props=\"{&quot;201341983&quot;:0,&quot;335551550&quot;:6,&quot;335551620&quot;:6,&quot;335559739&quot;:160,&quot;335559740&quot;:293}\" data-wac-het=\"1\">\u00a0<\/span><\/p>\n<ul>\n<li data-leveltext=\"\uf0d8\" data-font=\"Wingdings\" data-listid=\"19\" aria-setsize=\"-1\" data-aria-posinset=\"1\" data-aria-level=\"1\"><b><span data-contrast=\"none\">As contribui\u00e7\u00f5es previdenci\u00e1rias<\/span><\/b><span data-contrast=\"none\">\u00a0de que trata o art. 22 da Lei n\u00ba 8.212, de 24 de julho de 1991,\u00a0<\/span><b><span data-contrast=\"none\">devidas pelas empresas<\/span><\/b><span data-contrast=\"none\">\u00a0a que se refere o inciso I do caput e o par\u00e1grafo \u00fanico do art. 15 da Lei n\u00ba 8.212, de 1991,\u00a0<\/span><b><span data-contrast=\"none\">e a contribui\u00e7\u00e3o<\/span><\/b><span data-contrast=\"none\">\u00a0de que trata o art. 24 da Lei n\u00ba 8.212, de 1991,\u00a0<\/span><b><span data-contrast=\"none\">devida pelo empregador dom\u00e9stico<\/span><\/b><span data-contrast=\"none\">, relativas \u00e0s compet\u00eancias mar\u00e7o e abril de 2020,\u00a0<\/span><b><span data-contrast=\"none\">dever\u00e3o ser pagas no prazo de vencimento das contribui\u00e7\u00f5es devidas nas compet\u00eancias julho e setembro de 2020<\/span><\/b><span data-contrast=\"none\">, respectivamente.\u00a0<\/span><span data-ccp-props=\"{&quot;134233279&quot;:true,&quot;201341983&quot;:0,&quot;335551550&quot;:6,&quot;335551620&quot;:6,&quot;335559685&quot;:709,&quot;335559739&quot;:160,&quot;335559740&quot;:293}\" data-wac-het=\"1\">\u00a0<\/span><\/li>\n<\/ul>\n<p><b><span data-contrast=\"none\">PIS\/COFINS<\/span><\/b><span data-ccp-props=\"{&quot;201341983&quot;:0,&quot;335559739&quot;:160,&quot;335559740&quot;:259}\" data-wac-het=\"1\">\u00a0<\/span><\/p>\n<ul>\n<li data-leveltext=\"\uf0d8\" data-font=\"Wingdings\" data-listid=\"19\" aria-setsize=\"-1\" data-aria-posinset=\"1\" data-aria-level=\"1\"><span data-contrast=\"none\">Os prazos de\u00a0<\/span><b><span data-contrast=\"none\">recolhimento da Contribui\u00e7\u00e3o para o PIS\/PASEP e da Contribui\u00e7\u00e3o para o Financiamento da Seguridade Social\u00a0<\/span><\/b><b><span data-contrast=\"none\">\u2013<\/span><\/b><b><span data-contrast=\"none\">\u00a0COFINS<\/span><\/b><span data-contrast=\"none\">\u00a0de que tratam o art. 18 da Medida Provis\u00f3ria n\u00ba 2.158-35, de 24 de agosto de 2001, o art. 10 da Lei n\u00ba 10.637, de 30 de dezembro de 2002, e o art. 11 da Lei n\u00ba 10.833, de 29 de dezembro de 2003, relativas \u00e0s compet\u00eancias mar\u00e7o e abril de 2020,\u00a0<\/span><b><span data-contrast=\"none\">ficam postergadas para os prazos de vencimento dessas contribui\u00e7\u00f5es devidas nas compet\u00eancias julho e setembro de 2020<\/span><\/b><span data-contrast=\"none\">, respectivamente.<\/span><span data-ccp-props=\"{&quot;134233279&quot;:true,&quot;201341983&quot;:0,&quot;335551550&quot;:6,&quot;335551620&quot;:6,&quot;335559685&quot;:709,&quot;335559739&quot;:160,&quot;335559740&quot;:293}\" data-wac-het=\"1\">\u00a0<\/span><\/li>\n<\/ul>\n<table data-tablestyle=\"MsoTable15Plain3\" data-tablelook=\"1184\">\n<tbody>\n<tr>\n<td data-celllook=\"272\"><b><span data-contrast=\"none\">CONTRIBUI\u00c7\u00c3O<\/span><\/b><span data-ccp-props=\"{&quot;201341983&quot;:0,&quot;335551550&quot;:2,&quot;335551620&quot;:2,&quot;335559740&quot;:259}\" data-wac-het=\"1\">\u00a0<\/span><\/td>\n<td data-celllook=\"256\"><b><span data-contrast=\"none\">COMPET\u00caNCIA<\/span><\/b><span data-ccp-props=\"{&quot;201341983&quot;:0,&quot;335551550&quot;:2,&quot;335551620&quot;:2,&quot;335559740&quot;:259}\" data-wac-het=\"1\">\u00a0<\/span><\/td>\n<td data-celllook=\"256\"><b><span data-contrast=\"none\">VENCIMENTO<\/span><\/b><b><span data-contrast=\"none\">\u00a0ORIGINAL<\/span><\/b><span data-ccp-props=\"{&quot;201341983&quot;:0,&quot;335551550&quot;:2,&quot;335551620&quot;:2,&quot;335559740&quot;:259}\" data-wac-het=\"1\">\u00a0<\/span><\/td>\n<td data-celllook=\"256\"><b><span data-contrast=\"none\">PARA<\/span><\/b><span data-ccp-props=\"{&quot;201341983&quot;:0,&quot;335551550&quot;:2,&quot;335551620&quot;:2,&quot;335559740&quot;:259}\" data-wac-het=\"1\">\u00a0<\/span><\/td>\n<\/tr>\n<tr>\n<td data-celllook=\"16\"><b><span data-contrast=\"none\">CPP (INSS)<\/span><\/b><span data-ccp-props=\"{&quot;201341983&quot;:0,&quot;335559738&quot;:60,&quot;335559739&quot;:60,&quot;335559740&quot;:259}\" data-wac-het=\"1\">\u00a0<\/span><\/td>\n<td data-celllook=\"0\"><span data-contrast=\"none\">Mar\u00e7o<\/span><span data-ccp-props=\"{&quot;201341983&quot;:0,&quot;335551550&quot;:2,&quot;335551620&quot;:2,&quot;335559738&quot;:60,&quot;335559739&quot;:60,&quot;335559740&quot;:259}\" data-wac-het=\"1\">\u00a0<\/span><\/td>\n<td data-celllook=\"0\"><span data-contrast=\"none\">Abril<\/span><span data-ccp-props=\"{&quot;201341983&quot;:0,&quot;335551550&quot;:2,&quot;335551620&quot;:2,&quot;335559738&quot;:60,&quot;335559739&quot;:60,&quot;335559740&quot;:259}\" data-wac-het=\"1\">\u00a0<\/span><\/td>\n<td data-celllook=\"0\"><span data-contrast=\"none\">Julho<\/span><span data-ccp-props=\"{&quot;201341983&quot;:0,&quot;335551550&quot;:2,&quot;335551620&quot;:2,&quot;335559738&quot;:60,&quot;335559739&quot;:60,&quot;335559740&quot;:259}\" data-wac-het=\"1\">\u00a0<\/span><\/td>\n<\/tr>\n<tr>\n<td data-celllook=\"16\"><b><span data-contrast=\"none\">CPP (INSS)<\/span><\/b><span data-ccp-props=\"{&quot;201341983&quot;:0,&quot;335559738&quot;:60,&quot;335559739&quot;:60,&quot;335559740&quot;:259}\" data-wac-het=\"1\">\u00a0<\/span><\/td>\n<td data-celllook=\"0\"><span data-contrast=\"none\">Abril<\/span><span data-ccp-props=\"{&quot;201341983&quot;:0,&quot;335551550&quot;:2,&quot;335551620&quot;:2,&quot;335559738&quot;:60,&quot;335559739&quot;:60,&quot;335559740&quot;:259}\" data-wac-het=\"1\">\u00a0<\/span><\/td>\n<td data-celllook=\"0\"><span data-contrast=\"none\">Maio<\/span><span data-ccp-props=\"{&quot;201341983&quot;:0,&quot;335551550&quot;:2,&quot;335551620&quot;:2,&quot;335559738&quot;:60,&quot;335559739&quot;:60,&quot;335559740&quot;:259}\" data-wac-het=\"1\">\u00a0<\/span><\/td>\n<td data-celllook=\"0\"><span data-contrast=\"none\">Setembro<\/span><span data-ccp-props=\"{&quot;201341983&quot;:0,&quot;335551550&quot;:2,&quot;335551620&quot;:2,&quot;335559738&quot;:60,&quot;335559739&quot;:60,&quot;335559740&quot;:259}\" data-wac-het=\"1\">\u00a0<\/span><\/td>\n<\/tr>\n<tr>\n<td data-celllook=\"16\"><b><span data-contrast=\"none\">PIS\/COFINS<\/span><\/b><span data-ccp-props=\"{&quot;201341983&quot;:0,&quot;335559738&quot;:60,&quot;335559739&quot;:60,&quot;335559740&quot;:259}\" data-wac-het=\"1\">\u00a0<\/span><\/td>\n<td data-celllook=\"0\"><span data-contrast=\"none\">Mar\u00e7o<\/span><span data-ccp-props=\"{&quot;201341983&quot;:0,&quot;335551550&quot;:2,&quot;335551620&quot;:2,&quot;335559738&quot;:60,&quot;335559739&quot;:60,&quot;335559740&quot;:259}\" data-wac-het=\"1\">\u00a0<\/span><\/td>\n<td data-celllook=\"0\"><span data-contrast=\"none\">Abril<\/span><span data-ccp-props=\"{&quot;201341983&quot;:0,&quot;335551550&quot;:2,&quot;335551620&quot;:2,&quot;335559738&quot;:60,&quot;335559739&quot;:60,&quot;335559740&quot;:259}\" data-wac-het=\"1\">\u00a0<\/span><\/td>\n<td data-celllook=\"0\"><span data-contrast=\"none\">Julho<\/span><span data-ccp-props=\"{&quot;201341983&quot;:0,&quot;335551550&quot;:2,&quot;335551620&quot;:2,&quot;335559738&quot;:60,&quot;335559739&quot;:60,&quot;335559740&quot;:259}\" data-wac-het=\"1\">\u00a0<\/span><\/td>\n<\/tr>\n<tr>\n<td data-celllook=\"16\"><b><span data-contrast=\"none\">PIS\/COFINS<\/span><\/b><span data-ccp-props=\"{&quot;201341983&quot;:0,&quot;335559738&quot;:60,&quot;335559739&quot;:60,&quot;335559740&quot;:259}\" data-wac-het=\"1\">\u00a0<\/span><\/td>\n<td data-celllook=\"0\"><span data-contrast=\"none\">Abril<\/span><span data-ccp-props=\"{&quot;201341983&quot;:0,&quot;335551550&quot;:2,&quot;335551620&quot;:2,&quot;335559738&quot;:60,&quot;335559739&quot;:60,&quot;335559740&quot;:259}\" data-wac-het=\"1\">\u00a0<\/span><\/td>\n<td data-celllook=\"0\"><span data-contrast=\"none\">Maio<\/span><span data-ccp-props=\"{&quot;201341983&quot;:0,&quot;335551550&quot;:2,&quot;335551620&quot;:2,&quot;335559738&quot;:60,&quot;335559739&quot;:60,&quot;335559740&quot;:259}\" data-wac-het=\"1\">\u00a0<\/span><\/td>\n<td data-celllook=\"0\"><span data-contrast=\"none\">Setembro<\/span><span data-ccp-props=\"{&quot;201341983&quot;:0,&quot;335551550&quot;:2,&quot;335551620&quot;:2,&quot;335559738&quot;:60,&quot;335559739&quot;:60,&quot;335559740&quot;:259}\" data-wac-het=\"1\">\u00a0<\/span><\/td>\n<\/tr>\n<\/tbody>\n<\/table>\n<p>&nbsp;<\/p>\n<ul>\n<li data-leveltext=\"\uf0d8\" data-font=\"Wingdings\" data-listid=\"19\" aria-setsize=\"-1\" data-aria-posinset=\"1\" data-aria-level=\"1\"><span data-contrast=\"none\">A Instru\u00e7\u00e3o Normativa 1.932\/20 prorrogou a apresenta\u00e7\u00e3o das seguintes obriga\u00e7\u00f5es acess\u00f3rias:<\/span><span data-ccp-props=\"{&quot;134233279&quot;:true,&quot;201341983&quot;:0,&quot;335551550&quot;:6,&quot;335551620&quot;:6,&quot;335559685&quot;:709,&quot;335559739&quot;:160,&quot;335559740&quot;:293}\" data-wac-het=\"1\">\u00a0<\/span><\/li>\n<\/ul>\n<ul>\n<li data-leveltext=\"%1.\" data-font=\"Century Gothic\" data-listid=\"21\" aria-setsize=\"-1\" data-aria-posinset=\"1\" data-aria-level=\"1\"><span data-contrast=\"none\">Declara\u00e7\u00f5es de D\u00e9bitos e Cr\u00e9ditos Tribut\u00e1rios Federais (DCTF), originalmente previstas para serem transmitidas at\u00e9 o 15\u00ba dia \u00fatil dos meses de abril, maio e junho de 2020, passam para o 15\u00ba dia \u00fatil do m\u00eas de julho.<\/span><span data-ccp-props=\"{&quot;134233279&quot;:true,&quot;201341983&quot;:0,&quot;335551550&quot;:6,&quot;335551620&quot;:6,&quot;335559685&quot;:1560,&quot;335559739&quot;:120,&quot;335559740&quot;:293,&quot;335559991&quot;:284}\" data-wac-het=\"1\">\u00a0<\/span><\/li>\n<\/ul>\n<ul>\n<li data-leveltext=\"%1.\" data-font=\"Century Gothic\" data-listid=\"21\" aria-setsize=\"-1\" data-aria-posinset=\"2\" data-aria-level=\"1\"><span data-contrast=\"none\">Escritura\u00e7\u00f5es Fiscais Digitais da Contribui\u00e7\u00e3o para o\u00a0<\/span><span data-contrast=\"none\">PIS\/PASEP<\/span><span data-contrast=\"none\">, da Contribui\u00e7\u00e3o para o Financiamento da Seguridade Social (<\/span><span data-contrast=\"none\">COFINS<\/span><span data-contrast=\"none\">)<\/span><span data-contrast=\"none\">,<\/span><span data-contrast=\"none\">\u00a0e da Contribui\u00e7\u00e3o Previdenci\u00e1ria sobre a Receita (EFD-Contribui\u00e7\u00f5es) devem ser feitas at\u00e9 o 10\u00ba (d\u00e9cimo) dia \u00fatil do m\u00eas de julho.<\/span><span data-ccp-props=\"{&quot;134233279&quot;:true,&quot;201341983&quot;:0,&quot;335551550&quot;:6,&quot;335551620&quot;:6,&quot;335559685&quot;:1560,&quot;335559739&quot;:160,&quot;335559740&quot;:293,&quot;335559991&quot;:284}\" data-wac-het=\"1\">\u00a0<\/span><\/li>\n<\/ul>\n<p>&nbsp;<\/p>\n<p><b><span data-contrast=\"none\">2 &#8211; FGTS \u2013 MEDIDA PROVIS\u00d3RIA 927, DE 22 DE MAR\u00c7O DE 2020<\/span><\/b><span data-ccp-props=\"{&quot;134233279&quot;:true,&quot;201341983&quot;:0,&quot;335551550&quot;:6,&quot;335551620&quot;:6,&quot;335559685&quot;:426,&quot;335559739&quot;:160,&quot;335559740&quot;:293}\" data-wac-het=\"1\">\u00a0<\/span><\/p>\n<ul>\n<li data-leveltext=\"\uf0d8\" data-font=\"Wingdings\" data-listid=\"22\" aria-setsize=\"-1\" data-aria-posinset=\"1\" data-aria-level=\"1\"><span data-contrast=\"none\">P<\/span><span data-contrast=\"none\">ossibilitou ao empregador a\u00a0<\/span><b><span data-contrast=\"none\">suspens\u00e3o e o parcelamento<\/span><\/b><span data-contrast=\"none\">, sem multa e encargos,\u00a0<\/span><b><span data-contrast=\"none\">do recolhimento do FGTS<\/span><\/b><span data-contrast=\"none\">\u00a0das compet\u00eancias referentes a\u00a0<\/span><b><span data-contrast=\"none\">mar\u00e7o, abril e maio de 2020<\/span><\/b><span data-contrast=\"none\">.\u00a0<\/span><span data-ccp-props=\"{&quot;134233279&quot;:true,&quot;201341983&quot;:0,&quot;335551550&quot;:6,&quot;335551620&quot;:6,&quot;335559739&quot;:160,&quot;335559740&quot;:293}\" data-wac-het=\"1\">\u00a0<\/span><\/li>\n<li data-leveltext=\"\uf0d8\" data-font=\"Wingdings\" data-listid=\"22\" aria-setsize=\"-1\" data-aria-posinset=\"2\" data-aria-level=\"1\"><span data-contrast=\"none\">Desta forma,\u00a0<\/span><b><span data-contrast=\"none\">p<\/span><\/b><b><span data-contrast=\"none\">oder\u00e3o ser recolhid<\/span><\/b><b><span data-contrast=\"none\">o<\/span><\/b><b><span data-contrast=\"none\">s parceladamente<\/span><\/b><span data-contrast=\"none\">,<\/span><span data-contrast=\"none\">\u00a0<\/span><b><span data-contrast=\"none\">entre julho e dezembro de 2020<\/span><\/b><span data-contrast=\"none\">,\u00a0<\/span><span data-contrast=\"none\">Sem Impacto Na Regularidade Dos Empregadores\u00a0<\/span><span data-contrast=\"none\">junto ao FGTS (CRF). Tudo ser\u00e1 feito de maneira 100% digital, sem precisar ir \u00e0 ag\u00eancia banc\u00e1ria.<\/span><span data-ccp-props=\"{&quot;134233279&quot;:true,&quot;201341983&quot;:0,&quot;335551550&quot;:6,&quot;335551620&quot;:6,&quot;335559739&quot;:160,&quot;335559740&quot;:293}\" data-wac-het=\"1\">\u00a0<\/span><\/li>\n<\/ul>\n<ul>\n<li data-leveltext=\"\uf0d8\" data-font=\"Wingdings\" data-listid=\"22\" aria-setsize=\"-1\" data-aria-posinset=\"3\" data-aria-level=\"1\"><span data-contrast=\"none\">O empregador, inclusive dom\u00e9stico, que n\u00e3o pagar a Guia de Recolhimento do FGTS \u2013 GRF ou o Documento de Arrecada\u00e7\u00e3o do\u00a0<\/span><span data-contrast=\"none\">eSocial<\/span><span data-contrast=\"none\">\u00a0\u2013 DAE, respectivamente, para as compet\u00eancias mar\u00e7o, abril e maio de 2020,\u00a0<\/span><span data-contrast=\"none\">necessitar\u00e1 realizar<\/span><span data-contrast=\"none\">\u00a0a presta\u00e7\u00e3o de informa\u00e7\u00f5es declarat\u00f3rias no prazo definido. Como consequ\u00eancia, n\u00e3o haver\u00e1 incid\u00eancia de encargos e multa por atraso.<\/span><span data-ccp-props=\"{&quot;134233279&quot;:true,&quot;201341983&quot;:0,&quot;335551550&quot;:6,&quot;335551620&quot;:6,&quot;335559739&quot;:160,&quot;335559740&quot;:293}\" data-wac-het=\"1\">\u00a0<\/span><\/li>\n<\/ul>\n<p><span data-ccp-props=\"{&quot;134233279&quot;:true,&quot;201341983&quot;:0,&quot;335551550&quot;:6,&quot;335551620&quot;:6,&quot;335559685&quot;:720,&quot;335559739&quot;:160,&quot;335559740&quot;:293}\" data-wac-het=\"1\">\u00a0<\/span><\/p>\n<p><b><span data-contrast=\"none\">3 &#8211; SISTEMA S \u2013\u00a0<\/span><\/b><b><span data-contrast=\"none\">MEDIDA PROVIS\u00d3RIA 932, DE 31 MAR\u00c7O DE 2020<\/span><\/b><span data-ccp-props=\"{&quot;134233279&quot;:true,&quot;201341983&quot;:0,&quot;335551550&quot;:6,&quot;335551620&quot;:6,&quot;335559685&quot;:426,&quot;335559739&quot;:160,&quot;335559740&quot;:293}\" data-wac-het=\"1\">\u00a0<\/span><\/p>\n<ul>\n<li data-leveltext=\"\uf0d8\" data-font=\"Wingdings\" data-listid=\"11\" aria-setsize=\"-1\" data-aria-posinset=\"1\" data-aria-level=\"1\"><span data-contrast=\"none\">Define que at\u00e9 30 de junho de 2020 ficam reduzidas as al\u00edquotas das contribui\u00e7\u00f5es aos servi\u00e7os sociais aut\u00f4nomos para os seguintes percentuais:<\/span><span data-ccp-props=\"{&quot;134233279&quot;:true,&quot;201341983&quot;:0,&quot;335551550&quot;:6,&quot;335551620&quot;:6,&quot;335559739&quot;:160,&quot;335559740&quot;:293}\" data-wac-het=\"1\">\u00a0<\/span><\/li>\n<\/ul>\n<table data-tablestyle=\"MsoTable15Plain3\" data-tablelook=\"1184\">\n<tbody>\n<tr>\n<td data-celllook=\"272\"><b><span data-contrast=\"none\">INSTITUI\u00c7\u00c3O<\/span><\/b><span data-ccp-props=\"{&quot;201341983&quot;:0,&quot;335551550&quot;:2,&quot;335551620&quot;:2,&quot;335559739&quot;:120,&quot;335559740&quot;:259}\" data-wac-het=\"1\">\u00a0<\/span><\/td>\n<td data-celllook=\"256\"><b><span data-contrast=\"none\">AL\u00cdQUOTA<\/span><\/b><span data-ccp-props=\"{&quot;201341983&quot;:0,&quot;335551550&quot;:2,&quot;335551620&quot;:2,&quot;335559739&quot;:120,&quot;335559740&quot;:259}\" data-wac-het=\"1\">\u00a0<\/span><\/td>\n<td data-celllook=\"256\"><b><span data-contrast=\"none\">NOVA<\/span><\/b><span data-ccp-props=\"{&quot;201341983&quot;:0,&quot;335551550&quot;:2,&quot;335551620&quot;:2,&quot;335559739&quot;:120,&quot;335559740&quot;:259}\" data-wac-het=\"1\">\u00a0<\/span><\/td>\n<\/tr>\n<tr>\n<td data-celllook=\"16\"><b><span data-contrast=\"none\">SENAI<\/span><\/b><span data-ccp-props=\"{&quot;201341983&quot;:0,&quot;335551550&quot;:2,&quot;335551620&quot;:2,&quot;335559738&quot;:40,&quot;335559739&quot;:40,&quot;335559740&quot;:259}\" data-wac-het=\"1\">\u00a0<\/span><\/td>\n<td data-celllook=\"0\"><span data-contrast=\"none\">1,0%<\/span><span data-ccp-props=\"{&quot;201341983&quot;:0,&quot;335551550&quot;:2,&quot;335551620&quot;:2,&quot;335559738&quot;:40,&quot;335559739&quot;:40,&quot;335559740&quot;:259}\" data-wac-het=\"1\">\u00a0<\/span><\/td>\n<td data-celllook=\"0\"><b><span data-contrast=\"none\">0,5%<\/span><\/b><span data-ccp-props=\"{&quot;201341983&quot;:0,&quot;335551550&quot;:2,&quot;335551620&quot;:2,&quot;335559738&quot;:40,&quot;335559739&quot;:40,&quot;335559740&quot;:259}\" data-wac-het=\"1\">\u00a0<\/span><\/td>\n<\/tr>\n<tr>\n<td data-celllook=\"16\"><b><span data-contrast=\"none\">SESI<\/span><\/b><span data-ccp-props=\"{&quot;201341983&quot;:0,&quot;335551550&quot;:2,&quot;335551620&quot;:2,&quot;335559738&quot;:40,&quot;335559739&quot;:40,&quot;335559740&quot;:259}\" data-wac-het=\"1\">\u00a0<\/span><\/td>\n<td data-celllook=\"0\"><span data-contrast=\"none\">1,5%<\/span><span data-ccp-props=\"{&quot;201341983&quot;:0,&quot;335551550&quot;:2,&quot;335551620&quot;:2,&quot;335559738&quot;:40,&quot;335559739&quot;:40,&quot;335559740&quot;:259}\" data-wac-het=\"1\">\u00a0<\/span><\/td>\n<td data-celllook=\"0\"><b><span data-contrast=\"none\">0,75%<\/span><\/b><span data-ccp-props=\"{&quot;201341983&quot;:0,&quot;335551550&quot;:2,&quot;335551620&quot;:2,&quot;335559738&quot;:40,&quot;335559739&quot;:40,&quot;335559740&quot;:259}\" data-wac-het=\"1\">\u00a0<\/span><\/td>\n<\/tr>\n<tr>\n<td data-celllook=\"16\"><b><span data-contrast=\"none\">SENAC<\/span><\/b><span data-ccp-props=\"{&quot;201341983&quot;:0,&quot;335551550&quot;:2,&quot;335551620&quot;:2,&quot;335559738&quot;:40,&quot;335559739&quot;:40,&quot;335559740&quot;:259}\" data-wac-het=\"1\">\u00a0<\/span><\/td>\n<td data-celllook=\"0\"><span data-contrast=\"none\">1,0%<\/span><span data-ccp-props=\"{&quot;201341983&quot;:0,&quot;335551550&quot;:2,&quot;335551620&quot;:2,&quot;335559738&quot;:40,&quot;335559739&quot;:40,&quot;335559740&quot;:259}\" data-wac-het=\"1\">\u00a0<\/span><\/td>\n<td data-celllook=\"0\"><b><span data-contrast=\"none\">0,5%<\/span><\/b><span data-ccp-props=\"{&quot;201341983&quot;:0,&quot;335551550&quot;:2,&quot;335551620&quot;:2,&quot;335559738&quot;:40,&quot;335559739&quot;:40,&quot;335559740&quot;:259}\" data-wac-het=\"1\">\u00a0<\/span><\/td>\n<\/tr>\n<tr>\n<td data-celllook=\"16\"><b><span data-contrast=\"none\">SESC<\/span><\/b><span data-ccp-props=\"{&quot;201341983&quot;:0,&quot;335551550&quot;:2,&quot;335551620&quot;:2,&quot;335559738&quot;:40,&quot;335559739&quot;:40,&quot;335559740&quot;:259}\" data-wac-het=\"1\">\u00a0<\/span><\/td>\n<td data-celllook=\"0\"><span data-contrast=\"none\">1,5%<\/span><span data-ccp-props=\"{&quot;201341983&quot;:0,&quot;335551550&quot;:2,&quot;335551620&quot;:2,&quot;335559738&quot;:40,&quot;335559739&quot;:40,&quot;335559740&quot;:259}\" data-wac-het=\"1\">\u00a0<\/span><\/td>\n<td data-celllook=\"0\"><b><span data-contrast=\"none\">0,75%<\/span><\/b><span data-ccp-props=\"{&quot;201341983&quot;:0,&quot;335551550&quot;:2,&quot;335551620&quot;:2,&quot;335559738&quot;:40,&quot;335559739&quot;:40,&quot;335559740&quot;:259}\" data-wac-het=\"1\">\u00a0<\/span><\/td>\n<\/tr>\n<tr>\n<td data-celllook=\"16\"><b><span data-contrast=\"none\">SEBRAE<\/span><\/b><span data-ccp-props=\"{&quot;201341983&quot;:0,&quot;335551550&quot;:2,&quot;335551620&quot;:2,&quot;335559738&quot;:40,&quot;335559739&quot;:40,&quot;335559740&quot;:259}\" data-wac-het=\"1\">\u00a0<\/span><\/td>\n<td data-celllook=\"0\"><span data-contrast=\"none\">vari\u00e1vel no intervalo de 0,3% a 0,6%<\/span><span data-ccp-props=\"{&quot;201341983&quot;:0,&quot;335551550&quot;:2,&quot;335551620&quot;:2,&quot;335559738&quot;:40,&quot;335559739&quot;:40,&quot;335559740&quot;:259}\" data-wac-het=\"1\">\u00a0<\/span><\/td>\n<td data-celllook=\"0\"><b><span data-contrast=\"none\">*<\/span><\/b><span data-ccp-props=\"{&quot;201341983&quot;:0,&quot;335551550&quot;:2,&quot;335551620&quot;:2,&quot;335559738&quot;:40,&quot;335559739&quot;:40,&quot;335559740&quot;:259}\" data-wac-het=\"1\">\u00a0<\/span><\/td>\n<\/tr>\n<tr>\n<td data-celllook=\"16\"><b><span data-contrast=\"none\">SENAR<\/span><\/b><span data-ccp-props=\"{&quot;201341983&quot;:0,&quot;335551550&quot;:2,&quot;335551620&quot;:2,&quot;335559738&quot;:40,&quot;335559739&quot;:40,&quot;335559740&quot;:259}\" data-wac-het=\"1\">\u00a0<\/span><\/td>\n<td data-celllook=\"0\"><span data-contrast=\"none\">vari\u00e1vel no intervalo de 0,2% a 2,5%<\/span><span data-ccp-props=\"{&quot;201341983&quot;:0,&quot;335551550&quot;:2,&quot;335551620&quot;:2,&quot;335559738&quot;:40,&quot;335559739&quot;:40,&quot;335559740&quot;:259}\" data-wac-het=\"1\">\u00a0<\/span><\/td>\n<td data-celllook=\"0\"><b><span data-contrast=\"none\">1,25%<\/span><\/b><span data-ccp-props=\"{&quot;201341983&quot;:0,&quot;335551550&quot;:2,&quot;335551620&quot;:2,&quot;335559738&quot;:40,&quot;335559739&quot;:40,&quot;335559740&quot;:259}\" data-wac-het=\"1\">\u00a0<\/span><\/td>\n<\/tr>\n<tr>\n<td data-celllook=\"16\"><b><span data-contrast=\"none\">SEST<\/span><\/b><span data-ccp-props=\"{&quot;201341983&quot;:0,&quot;335551550&quot;:2,&quot;335551620&quot;:2,&quot;335559738&quot;:40,&quot;335559739&quot;:40,&quot;335559740&quot;:259}\" data-wac-het=\"1\">\u00a0<\/span><\/td>\n<td data-celllook=\"0\"><span data-contrast=\"none\">1,5%<\/span><span data-ccp-props=\"{&quot;201341983&quot;:0,&quot;335551550&quot;:2,&quot;335551620&quot;:2,&quot;335559738&quot;:40,&quot;335559739&quot;:40,&quot;335559740&quot;:259}\" data-wac-het=\"1\">\u00a0<\/span><\/td>\n<td data-celllook=\"0\"><b><span data-contrast=\"none\">0,75%<\/span><\/b><span data-ccp-props=\"{&quot;201341983&quot;:0,&quot;335551550&quot;:2,&quot;335551620&quot;:2,&quot;335559738&quot;:40,&quot;335559739&quot;:40,&quot;335559740&quot;:259}\" data-wac-het=\"1\">\u00a0<\/span><\/td>\n<\/tr>\n<tr>\n<td data-celllook=\"16\"><b><span data-contrast=\"none\">SENAT<\/span><\/b><span data-ccp-props=\"{&quot;201341983&quot;:0,&quot;335551550&quot;:2,&quot;335551620&quot;:2,&quot;335559738&quot;:40,&quot;335559739&quot;:40,&quot;335559740&quot;:259}\" data-wac-het=\"1\">\u00a0<\/span><\/td>\n<td data-celllook=\"0\"><span data-contrast=\"none\">1,0%<\/span><span data-ccp-props=\"{&quot;201341983&quot;:0,&quot;335551550&quot;:2,&quot;335551620&quot;:2,&quot;335559738&quot;:40,&quot;335559739&quot;:40,&quot;335559740&quot;:259}\" data-wac-het=\"1\">\u00a0<\/span><\/td>\n<td data-celllook=\"0\"><b><span data-contrast=\"none\">0,5%<\/span><\/b><span data-ccp-props=\"{&quot;201341983&quot;:0,&quot;335551550&quot;:2,&quot;335551620&quot;:2,&quot;335559738&quot;:40,&quot;335559739&quot;:40,&quot;335559740&quot;:259}\" data-wac-het=\"1\">\u00a0<\/span><\/td>\n<\/tr>\n<tr>\n<td data-celllook=\"16\"><b><span data-contrast=\"none\">SESCOOP<\/span><\/b><span data-ccp-props=\"{&quot;201341983&quot;:0,&quot;335551550&quot;:2,&quot;335551620&quot;:2,&quot;335559738&quot;:40,&quot;335559739&quot;:40,&quot;335559740&quot;:259}\" data-wac-het=\"1\">\u00a0<\/span><\/td>\n<td data-celllook=\"0\"><span data-contrast=\"none\">2,5%<\/span><span data-ccp-props=\"{&quot;201341983&quot;:0,&quot;335551550&quot;:2,&quot;335551620&quot;:2,&quot;335559738&quot;:40,&quot;335559739&quot;:40,&quot;335559740&quot;:259}\" data-wac-het=\"1\">\u00a0<\/span><\/td>\n<td data-celllook=\"0\"><b><span data-contrast=\"none\">1,25%<\/span><\/b><span data-ccp-props=\"{&quot;201341983&quot;:0,&quot;335551550&quot;:2,&quot;335551620&quot;:2,&quot;335559738&quot;:40,&quot;335559739&quot;:40,&quot;335559740&quot;:259}\" data-wac-het=\"1\">\u00a0<\/span><\/td>\n<\/tr>\n<\/tbody>\n<\/table>\n<p>&nbsp;<\/p>\n<ul>\n<li data-leveltext=\"\uf0d8\" data-font=\"Wingdings\" data-listid=\"11\" aria-setsize=\"-1\" data-aria-posinset=\"1\" data-aria-level=\"1\"><span data-contrast=\"none\">O SEBRAE destinar\u00e1, no m\u00ednimo, 50% do adicional de contribui\u00e7\u00e3o recolhido pelas empresas para o Fundo de Aval da Micro e Pequena Empresa (FAMPE).<\/span><span data-ccp-props=\"{&quot;134233279&quot;:true,&quot;201341983&quot;:0,&quot;335551550&quot;:6,&quot;335551620&quot;:6,&quot;335559739&quot;:160,&quot;335559740&quot;:293}\" data-wac-het=\"1\">\u00a0<\/span><\/li>\n<li data-leveltext=\"\uf0d8\" data-font=\"Wingdings\" data-listid=\"11\" aria-setsize=\"-1\" data-aria-posinset=\"3\" data-aria-level=\"1\"><span data-contrast=\"none\">A taxa de retribui\u00e7\u00e3o \u00e0 Receita Federal devida pela arrecada\u00e7\u00e3o das contribui\u00e7\u00f5es ser\u00e1 duplicada de 3,5% para 7%.<\/span><span data-ccp-props=\"{&quot;134233279&quot;:true,&quot;201341983&quot;:0,&quot;335551550&quot;:6,&quot;335551620&quot;:6,&quot;335559739&quot;:160,&quot;335559740&quot;:293}\" data-wac-het=\"1\">\u00a0<\/span><\/li>\n<\/ul>\n<p>&nbsp;<\/p>\n<p><b><span data-contrast=\"none\">4 &#8211; IOF \u2013 DECRETO 10.305, DE 1\u00ba DE ABRIL DE 2020<\/span><\/b><span data-ccp-props=\"{&quot;134233279&quot;:true,&quot;201341983&quot;:0,&quot;335551550&quot;:6,&quot;335551620&quot;:6,&quot;335559685&quot;:426,&quot;335559739&quot;:160,&quot;335559740&quot;:293}\" data-wac-het=\"1\">\u00a0<\/span><\/p>\n<ul>\n<li data-leveltext=\"\uf0d8\" data-font=\"Wingdings\" data-listid=\"14\" aria-setsize=\"-1\" data-aria-posinset=\"1\" data-aria-level=\"1\"><span data-contrast=\"none\">Redu\u00e7\u00e3o a\u00a0<\/span><b><span data-contrast=\"none\">ZERO<\/span><\/b><span data-contrast=\"none\">,\u00a0<\/span><b><span data-contrast=\"none\">por 90 dias<\/span><\/b><span data-contrast=\"none\">,\u00a0<\/span><span data-contrast=\"none\">d<\/span><span data-contrast=\"none\">a cobran\u00e7a do Imposto sobre Opera\u00e7\u00f5es Financeiras \u2013 IOF.<\/span><span data-ccp-props=\"{&quot;134233279&quot;:true,&quot;201341983&quot;:0,&quot;335551550&quot;:6,&quot;335551620&quot;:6,&quot;335559739&quot;:160,&quot;335559740&quot;:293}\" data-wac-het=\"1\">\u00a0<\/span><\/li>\n<\/ul>\n<ul>\n<li data-leveltext=\"\uf0d8\" data-font=\"Wingdings\" data-listid=\"14\" aria-setsize=\"-1\" data-aria-posinset=\"2\" data-aria-level=\"1\"><span data-contrast=\"none\">O Decreto n<\/span><span data-contrast=\"none\">.<\/span><span data-contrast=\"none\">\u00a06.306<\/span><span data-contrast=\"none\">\/<\/span><span data-contrast=\"none\">07 passa a vigorar com as seguintes altera\u00e7\u00f5es:<\/span><span data-ccp-props=\"{&quot;134233279&quot;:true,&quot;201341983&quot;:0,&quot;335551550&quot;:6,&quot;335551620&quot;:6,&quot;335559739&quot;:160,&quot;335559740&quot;:293}\" data-wac-het=\"1\">\u00a0<\/span><\/li>\n<\/ul>\n<p><i><span data-contrast=\"none\">Art. 7\u00ba<\/span><\/i><span data-ccp-props=\"{&quot;201341983&quot;:0,&quot;335551550&quot;:6,&quot;335551620&quot;:6,&quot;335559685&quot;:1134,&quot;335559739&quot;:160,&quot;335559740&quot;:293}\" data-wac-het=\"1\">\u00a0<\/span><\/p>\n<p><i><span data-contrast=\"none\">(&#8230;)<\/span><\/i><span data-ccp-props=\"{&quot;201341983&quot;:0,&quot;335551550&quot;:6,&quot;335551620&quot;:6,&quot;335559685&quot;:1134,&quot;335559739&quot;:160,&quot;335559740&quot;:293}\" data-wac-het=\"1\">\u00a0<\/span><\/p>\n<ul>\n<li><i><span data-contrast=\"none\"> 20.\u00a0 Nas opera\u00e7\u00f5es de cr\u00e9dito contratadas no per\u00edodo entre<\/span><\/i><b><i><span data-contrast=\"none\">3 de abril de 2020 e 3 de julho de 2020<\/span><\/i><\/b><i><span data-contrast=\"none\">, as al\u00edquotas do IOF previstas nos incisos I, II, III, IV, V, VI e VII do caput e no \u00a7 15<\/span><\/i><b><i><span data-contrast=\"none\">ficam reduzidas a zero<\/span><\/i><\/b><i><span data-contrast=\"none\">.<\/span><\/i><span data-ccp-props=\"{&quot;201341983&quot;:0,&quot;335551550&quot;:6,&quot;335551620&quot;:6,&quot;335559685&quot;:1134,&quot;335559739&quot;:160,&quot;335559740&quot;:293}\" data-wac-het=\"1\">\u00a0<\/span><\/li>\n<li><i><span data-contrast=\"none\"> 21.\u00a0 O disposto no \u00a7 20 aplica-se tamb\u00e9m \u00e0s opera\u00e7\u00f5es de cr\u00e9dito:<\/span><\/i><\/li>\n<\/ul>\n<p><i><span data-contrast=\"none\">I\u00a0<\/span><\/i><i><span data-contrast=\"none\">\u2013<\/span><\/i><i><span data-contrast=\"none\">\u00a0<\/span><\/i><i><span data-contrast=\"none\">previstas<\/span><\/i><i><span data-contrast=\"none\">\u00a0no \u00a7 7\u00ba, na hip\u00f3tese de haver nova incid\u00eancia de IOF, sem preju\u00edzo da parcela cobrada na data da disponibiliza\u00e7\u00e3o dos recursos ao interessado; e<\/span><\/i><span data-ccp-props=\"{&quot;201341983&quot;:0,&quot;335551550&quot;:6,&quot;335551620&quot;:6,&quot;335559685&quot;:1134,&quot;335559739&quot;:160,&quot;335559740&quot;:293}\" data-wac-het=\"1\">\u00a0<\/span><\/p>\n<p><i><span data-contrast=\"none\">II\u00a0<\/span><\/i><i><span data-contrast=\"none\">\u2013\u00a0<\/span><\/i><i><span data-contrast=\"none\">n\u00e3o<\/span><\/i><i><span data-contrast=\"none\">\u00a0liquidadas no vencimento a que se refere o \u00a7 2\u00ba.\u201d (NR)<\/span><\/i><span data-ccp-props=\"{&quot;201341983&quot;:0,&quot;335551550&quot;:6,&quot;335551620&quot;:6,&quot;335559685&quot;:1134,&quot;335559739&quot;:160,&quot;335559740&quot;:293}\" data-wac-het=\"1\">\u00a0<\/span><\/p>\n<p><i><span data-contrast=\"none\">Art. 8\u00ba<\/span><\/i><span data-ccp-props=\"{&quot;201341983&quot;:0,&quot;335551550&quot;:6,&quot;335551620&quot;:6,&quot;335559685&quot;:1134,&quot;335559739&quot;:160,&quot;335559740&quot;:293}\" data-wac-het=\"1\">\u00a0<\/span><\/p>\n<p><i><span data-contrast=\"none\">(&#8230;)<\/span><\/i><i><span data-contrast=\"none\">\u00a0\u00a0<\/span><\/i><span data-ccp-props=\"{&quot;201341983&quot;:0,&quot;335551550&quot;:6,&quot;335551620&quot;:6,&quot;335559685&quot;:1134,&quot;335559739&quot;:160,&quot;335559740&quot;:293}\" data-wac-het=\"1\">\u00a0<\/span><\/p>\n<ul>\n<li><i><span data-contrast=\"none\"> 6\u00ba Nas opera\u00e7\u00f5es de cr\u00e9dito contratadas entre 3 de abril de 2020 e 3 de julho de 2020, a al\u00edquota adicional do IOF de que trata o \u00a7 5\u00ba fica reduzida a zero. (NR)<\/span><\/i><\/li>\n<\/ul>\n<p><span data-contrast=\"none\">Para\u00a0<\/span><span data-contrast=\"none\">clarificar<\/span><span data-contrast=\"none\">,\u00a0<\/span><b><span data-contrast=\"none\">ficam reduzidas a zero as seguintes opera\u00e7\u00f5es<\/span><\/b><span data-contrast=\"none\">:<\/span><span data-ccp-props=\"{&quot;134233279&quot;:true,&quot;201341983&quot;:0,&quot;335551550&quot;:6,&quot;335551620&quot;:6,&quot;335559739&quot;:160,&quot;335559740&quot;:293}\" data-wac-het=\"1\">\u00a0<\/span><\/p>\n<ul>\n<li><span data-contrast=\"none\">opera\u00e7\u00e3o de empr\u00e9stimo, sob qualquer modalidade, inclusive abertura de cr\u00e9dito<\/span><span data-contrast=\"none\">;<\/span><span data-ccp-props=\"{&quot;134233279&quot;:true,&quot;201341983&quot;:0,&quot;335551550&quot;:6,&quot;335551620&quot;:6,&quot;335559685&quot;:1560,&quot;335559739&quot;:60,&quot;335559740&quot;:293,&quot;335559991&quot;:284}\" data-wac-het=\"1\">\u00a0<\/span><\/li>\n<li><span data-contrast=\"none\">opera\u00e7\u00e3o de desconto, inclusive na de aliena\u00e7\u00e3o a empresas de\u00a0<\/span><i><span data-contrast=\"none\">factoring<\/span><\/i><span data-contrast=\"none\">\u00a0de direitos credit\u00f3rios resultantes de vendas a prazo<\/span><span data-contrast=\"none\">;<\/span><span data-ccp-props=\"{&quot;134233279&quot;:true,&quot;201341983&quot;:0,&quot;335551550&quot;:6,&quot;335551620&quot;:6,&quot;335559685&quot;:1560,&quot;335559739&quot;:60,&quot;335559740&quot;:293,&quot;335559991&quot;:284}\" data-wac-het=\"1\">\u00a0<\/span><\/li>\n<li><span data-contrast=\"none\">adiantamento a depositante<\/span><span data-contrast=\"none\">;<\/span><span data-ccp-props=\"{&quot;134233279&quot;:true,&quot;201341983&quot;:0,&quot;335551550&quot;:6,&quot;335551620&quot;:6,&quot;335559685&quot;:1560,&quot;335559739&quot;:60,&quot;335559740&quot;:293,&quot;335559991&quot;:284}\" data-wac-het=\"1\">\u00a0<\/span><\/li>\n<li><span data-contrast=\"none\">empr\u00e9stimos, inclusive sob a forma de financiamento, sujeitos \u00e0 libera\u00e7\u00e3o de recursos em parcelas, ainda que o pagamento seja parcelado<\/span><span data-contrast=\"none\">;<\/span><span data-ccp-props=\"{&quot;134233279&quot;:true,&quot;201341983&quot;:0,&quot;335551550&quot;:6,&quot;335551620&quot;:6,&quot;335559685&quot;:1560,&quot;335559739&quot;:60,&quot;335559740&quot;:293,&quot;335559991&quot;:284}\" data-wac-het=\"1\">\u00a0<\/span><\/li>\n<li><span data-contrast=\"none\">nos\u00a0<\/span><span data-contrast=\"none\">excessos de limite, ainda que o contrato esteja vencido:<\/span><span data-ccp-props=\"{&quot;134233279&quot;:true,&quot;201341983&quot;:0,&quot;335551550&quot;:6,&quot;335551620&quot;:6,&quot;335559685&quot;:1560,&quot;335559739&quot;:60,&quot;335559740&quot;:293,&quot;335559991&quot;:284}\" data-wac-het=\"1\">\u00a0<\/span><\/li>\n<li><span data-contrast=\"none\">nas\u00a0<\/span><span data-contrast=\"none\">opera\u00e7\u00f5es referidas nos incisos I a V, quando se tratar de mutu\u00e1rio pessoa jur\u00eddica optante pelo Regime Especial Unificado de Arrecada\u00e7\u00e3o de Tributos e Contribui\u00e7\u00f5es devidos pelas Microempresas e Empresas de\u00a0<\/span><span data-contrast=\"none\">Pequeno Porte\u00a0<\/span><span data-contrast=\"none\">\u2013<\/span><span data-contrast=\"none\">\u00a0Simples Nacional, de que trata a Lei Complementar no 123, de 14 de dezembro de 2006, em que o valor seja igual ou inferior a R$ 30.000,00 (trinta mil reais), observado o disposto no art. 45, inciso II<\/span><span data-contrast=\"none\">;<\/span><span data-ccp-props=\"{&quot;134233279&quot;:true,&quot;201341983&quot;:0,&quot;335551550&quot;:6,&quot;335551620&quot;:6,&quot;335559685&quot;:1560,&quot;335559739&quot;:60,&quot;335559740&quot;:293,&quot;335559991&quot;:284}\" data-wac-het=\"1\">\u00a0<\/span><\/li>\n<li><span data-contrast=\"none\">nas\u00a0<\/span><span data-contrast=\"none\">opera\u00e7\u00f5es de financiamento para aquisi\u00e7\u00e3o de im\u00f3veis n\u00e3o residenciais, em que o mutu\u00e1rio seja pessoa f\u00edsica.<\/span><span data-ccp-props=\"{&quot;134233279&quot;:true,&quot;201341983&quot;:0,&quot;335551550&quot;:6,&quot;335551620&quot;:6,&quot;335559685&quot;:1560,&quot;335559739&quot;:160,&quot;335559740&quot;:293}\" data-wac-het=\"1\">\u00a0<\/span><\/li>\n<\/ul>\n<ul>\n<li data-leveltext=\"\uf0d8\" data-font=\"Wingdings\" data-listid=\"15\" aria-setsize=\"-1\" data-aria-posinset=\"1\" data-aria-level=\"1\"><span data-contrast=\"none\">Ainda<\/span><span data-contrast=\"none\">,<\/span><span data-contrast=\"none\">\u00a0fica\u00a0<\/span><b><span data-contrast=\"none\">reduzida a zero<\/span><\/b><span data-contrast=\"none\">\u00a0<\/span><span data-contrast=\"none\">a al\u00edquota definida no \u00a7 15<\/span><span data-contrast=\"none\">\u00ba<\/span><span data-contrast=\"none\">\u00a0do mesmo artigo:<\/span><span data-ccp-props=\"{&quot;134233279&quot;:true,&quot;201341983&quot;:0,&quot;335551550&quot;:6,&quot;335551620&quot;:6,&quot;335559685&quot;:714,&quot;335559739&quot;:120,&quot;335559740&quot;:293,&quot;335559991&quot;:357}\" data-wac-het=\"1\">\u00a0<\/span><\/li>\n<\/ul>\n<p><i><span data-contrast=\"none\">Sem preju\u00edzo do disposto no caput, o IOF incide sobre as opera\u00e7\u00f5es de cr\u00e9dito \u00e0 al\u00edquota adicional de trinta e oito cent\u00e9simos por cento, independentemente do prazo da opera\u00e7\u00e3o, seja o mutu\u00e1rio pessoa f\u00edsica ou pessoa jur\u00eddica.<\/span><\/i><span data-ccp-props=\"{&quot;201341983&quot;:0,&quot;335551550&quot;:6,&quot;335551620&quot;:6,&quot;335559685&quot;:1134,&quot;335559739&quot;:160,&quot;335559740&quot;:293}\" data-wac-het=\"1\">\u00a0<\/span><\/p>\n<p><span data-ccp-props=\"{&quot;201341983&quot;:0,&quot;335551550&quot;:6,&quot;335551620&quot;:6,&quot;335559685&quot;:1134,&quot;335559739&quot;:160,&quot;335559740&quot;:293}\" data-wac-het=\"1\">\u00a0<\/span><\/p>\n<ul>\n<li data-leveltext=\"\uf0d8\" data-font=\"Wingdings\" data-listid=\"15\" aria-setsize=\"-1\" data-aria-posinset=\"2\" data-aria-level=\"1\"><span data-contrast=\"none\">Fica\u00a0<\/span><b><span data-contrast=\"none\">reduzida a zero<\/span><\/b><span data-contrast=\"none\">\u00a0<\/span><span data-contrast=\"none\">a al\u00edquota\u00a0<\/span><span data-contrast=\"none\">d<\/span><span data-contrast=\"none\">a prorroga\u00e7\u00e3o, renova\u00e7\u00e3o, nova\u00e7\u00e3o, composi\u00e7\u00e3o, consolida\u00e7\u00e3o, confiss\u00e3o de d\u00edvida e neg\u00f3cios assemelhados, de\u00a0<\/span><b><span data-contrast=\"none\">opera\u00e7\u00e3o de cr\u00e9dito em que n\u00e3o haja substitui\u00e7\u00e3o de devedor<\/span><\/b><span data-contrast=\"none\">.<\/span><span data-ccp-props=\"{&quot;134233279&quot;:true,&quot;201341983&quot;:0,&quot;335551550&quot;:6,&quot;335551620&quot;:6,&quot;335559739&quot;:160,&quot;335559740&quot;:293}\" data-wac-het=\"1\">\u00a0<\/span><\/li>\n<\/ul>\n<ul>\n<li data-leveltext=\"\uf0d8\" data-font=\"Wingdings\" data-listid=\"15\" aria-setsize=\"-1\" data-aria-posinset=\"1\" data-aria-level=\"1\"><span data-contrast=\"none\">Considerando a abertura de linhas de cr\u00e9dito especiais do BNDES,\u00a0<\/span><span data-contrast=\"none\">a medida de redu\u00e7\u00e3o da al\u00edquota do IOF a ZERO\u00a0<\/span><span data-contrast=\"none\">\u00e9 consoante<\/span><span data-contrast=\"none\">\u00a0com o que se espera do Governo Federal<\/span><span data-contrast=\"none\">\u00a0no combate aos efeitos econ\u00f4micos<\/span><span data-contrast=\"none\">\u00a0decorrentes\u00a0<\/span><span data-contrast=\"none\">da pandemia.<\/span><span data-ccp-props=\"{&quot;134233279&quot;:true,&quot;201341983&quot;:0,&quot;335551550&quot;:6,&quot;335551620&quot;:6,&quot;335559739&quot;:160,&quot;335559740&quot;:293}\" data-wac-het=\"1\">\u00a0<\/span><\/li>\n<\/ul>\n<p>&nbsp;<\/p>\n<p><strong>\u00a05 &#8211;\u00a0<\/strong><b><span data-contrast=\"none\">IPI \u2013 DECRETO 10.302, DE 1\u00ba DE ABRIL DE 2020<\/span><\/b><span data-ccp-props=\"{&quot;134233279&quot;:true,&quot;201341983&quot;:0,&quot;335551550&quot;:6,&quot;335551620&quot;:6,&quot;335559685&quot;:426,&quot;335559739&quot;:160,&quot;335559740&quot;:293}\" data-wac-het=\"1\">\u00a0<\/span><\/p>\n<ul>\n<li data-leveltext=\"\uf0d8\" data-font=\"Wingdings\" data-listid=\"12\" aria-setsize=\"-1\" data-aria-posinset=\"1\" data-aria-level=\"1\"><span data-contrast=\"none\">Redu\u00e7\u00e3o\u00a0<\/span><span data-contrast=\"none\">TEMPOR\u00c1RIA<\/span><span data-contrast=\"none\">\u00a0das al\u00edquotas do IPI (Imposto sobre Produtos Industrializados) para artigos de laborat\u00f3rio ou de farm\u00e1cia, luvas, mitenes e semelhantes (exceto para cirurgia), e term\u00f4metros cl\u00ednicos.<\/span><span data-ccp-props=\"{&quot;134233279&quot;:true,&quot;201341983&quot;:0,&quot;335551550&quot;:6,&quot;335551620&quot;:6,&quot;335559685&quot;:714,&quot;335559739&quot;:160,&quot;335559740&quot;:293,&quot;335559991&quot;:357}\" data-wac-het=\"1\">\u00a0<\/span><\/li>\n<\/ul>\n<ul>\n<li data-leveltext=\"\uf0d8\" data-font=\"Wingdings\" data-listid=\"13\" aria-setsize=\"-1\" data-aria-posinset=\"2\" data-aria-level=\"1\"><span data-contrast=\"none\">Pode-se dizer que a redu\u00e7\u00e3o se trata de isen\u00e7\u00e3o, uma vez que\u00a0<\/span><b><span data-contrast=\"none\">A AL\u00cdQUOTA, ATRAV\u00c9S DESTE DECRETO, \u00c9 ZERO<\/span><\/b><span data-contrast=\"none\">.<\/span><span data-ccp-props=\"{&quot;134233279&quot;:true,&quot;201341983&quot;:0,&quot;335551550&quot;:6,&quot;335551620&quot;:6,&quot;335559685&quot;:714,&quot;335559739&quot;:160,&quot;335559740&quot;:293,&quot;335559991&quot;:357}\" data-wac-het=\"1\">\u00a0<\/span><\/li>\n<\/ul>\n<ul>\n<li data-leveltext=\"\uf0d8\" data-font=\"Wingdings\" data-listid=\"13\" aria-setsize=\"-1\" data-aria-posinset=\"1\" data-aria-level=\"1\"><span data-contrast=\"none\">N\u00e3o se trata da primeira medida neste sentido. O Governo j\u00e1 havia zerado a al\u00edquota de outros produtos utilizados para o combate e preven\u00e7\u00e3o do COVID 19, como, por exemplo, o \u00e1lcool et\u00edlico 70%.<\/span><span data-ccp-props=\"{&quot;134233279&quot;:true,&quot;201341983&quot;:0,&quot;335551550&quot;:6,&quot;335551620&quot;:6,&quot;335559685&quot;:714,&quot;335559739&quot;:160,&quot;335559740&quot;:293,&quot;335559991&quot;:357}\" data-wac-het=\"1\">\u00a0<\/span><\/li>\n<\/ul>\n<ul>\n<li data-leveltext=\"\uf0d8\" data-font=\"Wingdings\" data-listid=\"13\" aria-setsize=\"-1\" data-aria-posinset=\"2\" data-aria-level=\"1\"><span data-contrast=\"none\">Esta medida ter\u00e1 vigor at\u00e9 a data de 1\u00ba de outubro de 2020,<\/span><span data-contrast=\"none\">\u00a0data em que ser\u00e1 restabelecida as al\u00edquotas vigentes at\u00e9 a publica\u00e7\u00e3o do presente Decreto, conforme abaixo:<\/span><span data-ccp-props=\"{&quot;134233279&quot;:true,&quot;201341983&quot;:0,&quot;335551550&quot;:6,&quot;335551620&quot;:6,&quot;335559685&quot;:714,&quot;335559739&quot;:120,&quot;335559740&quot;:293,&quot;335559991&quot;:357}\" data-wac-het=\"1\">\u00a0<\/span><\/li>\n<\/ul>\n<p><span data-contrast=\"none\">&#8211; Artigos de laborat\u00f3rio ou farm\u00e1cia:<\/span><span data-contrast=\"none\">10%<\/span><span data-ccp-props=\"{&quot;201341983&quot;:0,&quot;335551550&quot;:6,&quot;335551620&quot;:6,&quot;335559685&quot;:851,&quot;335559739&quot;:160,&quot;335559740&quot;:293}\" data-wac-het=\"1\">\u00a0<\/span><\/p>\n<p><span data-contrast=\"none\">&#8211; Luvas, mitenes e semelhantes:<\/span><span data-contrast=\"none\">15%<\/span><span data-ccp-props=\"{&quot;201341983&quot;:0,&quot;335551550&quot;:6,&quot;335551620&quot;:6,&quot;335559685&quot;:851,&quot;335559739&quot;:160,&quot;335559740&quot;:293}\" data-wac-het=\"1\">\u00a0<\/span><\/p>\n<p><span data-contrast=\"none\">&#8211; Term\u00f4metros cl\u00ednicos:<\/span><span data-contrast=\"none\">15%\u00a0<\/span><b><span data-contrast=\"none\">\u00a0<\/span><\/b><span data-ccp-props=\"{&quot;201341983&quot;:0,&quot;335551550&quot;:6,&quot;335551620&quot;:6,&quot;335559685&quot;:851,&quot;335559739&quot;:160,&quot;335559740&quot;:293}\" data-wac-het=\"1\">\u00a0<\/span><\/p>\n<p>&nbsp;<\/p>\n<p><span data-contrast=\"none\">A <strong>RGAA<\/strong> est\u00e1 \u00e0 disposi\u00e7\u00e3o para sanar eventuais d\u00favidas sobre estas disposi\u00e7\u00f5es ou quaisquer outros assuntos relacionados \u00e0s altera\u00e7\u00f5es legislativas excepcionais decorrentes da pandemia do COVID 19.<\/span><span data-ccp-props=\"{&quot;201341983&quot;:0,&quot;335551550&quot;:6,&quot;335551620&quot;:6,&quot;335559739&quot;:160,&quot;335559740&quot;:293}\" data-wac-het=\"1\">\u00a0<\/span><\/p>","protected":false},"excerpt":{"rendered":"<p>Sorry, this entry is only available in Brazilian Portuguese. For the sake of viewer convenience, the content is shown below in the alternative language. You may click the link to switch the active language.Em decorr\u00eancia\u00a0da pandemia do\u00a0novo\u00a0coronav\u00edrus,\u00a0o Governo Federal\u00a0tem\u00a0adotado\u00a0diversas\u00a0medidas para\u00a0enfrentar seu impacto econ\u00f4mico no Brasil.\u00a0 Diariamente\u00a0t\u00eam sido aprovados\u00a0Medidas Provis\u00f3rias,\u00a0Decretos, Instru\u00e7\u00f5es Normativas\u00a0e\u00a0Portarias\u00a0deliberando sobre\u00a0a prorroga\u00e7\u00e3o do recolhimento&#8230;<\/p>\n","protected":false},"author":5,"featured_media":1133,"comment_status":"open","ping_status":"open","sticky":false,"template":"","format":"standard","meta":[],"categories":[17,477],"tags":[499,505,508,509],"yoast_head":"<!-- This site is optimized with the Yoast SEO plugin v20.0 - https:\/\/yoast.com\/wordpress\/plugins\/seo\/ -->\n<title><\/title>\n<meta name=\"description\" content=\"Diariamente\u00a0t\u00eam sido aprovados\u00a0Medidas Provis\u00f3rias,\u00a0Decretos, Instru\u00e7\u00f5es Normativas\u00a0e\u00a0Portarias\u00a0deliberando sobre\u00a0a prorroga\u00e7\u00e3o do recolhimento de\u00a0tributos\u00a0e redu\u00e7\u00e3o de suas al\u00edquotas, dentre outras medidas.\" \/>\n<meta name=\"robots\" content=\"index, follow, max-snippet:-1, max-image-preview:large, max-video-preview:-1\" \/>\n<link rel=\"canonical\" href=\"https:\/\/rgaa.com.br\/coronavirus-pacote-tributario\/\" \/>\n<meta property=\"og:locale\" content=\"en_US\" \/>\n<meta property=\"og:type\" content=\"article\" \/>\n<meta property=\"og:title\" content=\"[:pb]CORONAV\u00cdRUS - Pacote Tribut\u00e1rio [:] - RGAA\" \/>\n<meta property=\"og:description\" content=\"Diariamente\u00a0t\u00eam sido aprovados\u00a0Medidas Provis\u00f3rias,\u00a0Decretos, Instru\u00e7\u00f5es Normativas\u00a0e\u00a0Portarias\u00a0deliberando sobre\u00a0a prorroga\u00e7\u00e3o do recolhimento de\u00a0tributos\u00a0e redu\u00e7\u00e3o de suas al\u00edquotas, dentre outras medidas.\" \/>\n<meta property=\"og:url\" content=\"https:\/\/rgaa.com.br\/coronavirus-pacote-tributario\/\" \/>\n<meta property=\"og:site_name\" content=\"RGAA\" \/>\n<meta property=\"article:published_time\" content=\"2020-04-04T00:04:47+00:00\" \/>\n<meta property=\"article:modified_time\" content=\"2020-04-04T00:44:46+00:00\" \/>\n<meta property=\"og:image\" content=\"https:\/\/rgaa.com.br\/wp-content\/uploads\/2020\/04\/naom_59b594bca6927.jpg\" \/>\n\t<meta property=\"og:image:width\" content=\"1920\" \/>\n\t<meta property=\"og:image:height\" content=\"1080\" \/>\n\t<meta property=\"og:image:type\" content=\"image\/jpeg\" \/>\n<meta name=\"author\" content=\"Marketing\" \/>\n<meta name=\"twitter:card\" content=\"summary_large_image\" \/>\n<meta name=\"twitter:label1\" content=\"Written by\" \/>\n\t<meta name=\"twitter:data1\" content=\"Marketing\" \/>\n\t<meta name=\"twitter:label2\" content=\"Est. reading time\" \/>\n\t<meta name=\"twitter:data2\" content=\"6 minutes\" \/>\n<script type=\"application\/ld+json\" class=\"yoast-schema-graph\">{\"@context\":\"https:\/\/schema.org\",\"@graph\":[{\"@type\":\"WebPage\",\"@id\":\"https:\/\/rgaa.com.br\/coronavirus-pacote-tributario\/\",\"url\":\"https:\/\/rgaa.com.br\/coronavirus-pacote-tributario\/\",\"name\":\"[:pb]CORONAV\u00cdRUS - Pacote Tribut\u00e1rio [:] - RGAA\",\"isPartOf\":{\"@id\":\"https:\/\/rgaa.com.br\/us\/#website\"},\"datePublished\":\"2020-04-04T00:04:47+00:00\",\"dateModified\":\"2020-04-04T00:44:46+00:00\",\"author\":{\"@id\":\"https:\/\/rgaa.com.br\/us\/#\/schema\/person\/2dca771f785d6eda5433082c90a1ad36\"},\"description\":\"Diariamente\u00a0t\u00eam sido aprovados\u00a0Medidas Provis\u00f3rias,\u00a0Decretos, Instru\u00e7\u00f5es Normativas\u00a0e\u00a0Portarias\u00a0deliberando sobre\u00a0a prorroga\u00e7\u00e3o do recolhimento de\u00a0tributos\u00a0e redu\u00e7\u00e3o de suas al\u00edquotas, dentre outras medidas.\",\"breadcrumb\":{\"@id\":\"https:\/\/rgaa.com.br\/coronavirus-pacote-tributario\/#breadcrumb\"},\"inLanguage\":\"en-US\",\"potentialAction\":[{\"@type\":\"ReadAction\",\"target\":[\"https:\/\/rgaa.com.br\/coronavirus-pacote-tributario\/\"]}]},{\"@type\":\"BreadcrumbList\",\"@id\":\"https:\/\/rgaa.com.br\/coronavirus-pacote-tributario\/#breadcrumb\",\"itemListElement\":[{\"@type\":\"ListItem\",\"position\":1,\"name\":\"In\u00edcio\",\"item\":\"https:\/\/rgaa.com.br\/us\/\"},{\"@type\":\"ListItem\",\"position\":2,\"name\":\"CORONAV\u00cdRUS &#8211; Pacote Tribut\u00e1rio\"}]},{\"@type\":\"WebSite\",\"@id\":\"https:\/\/rgaa.com.br\/us\/#website\",\"url\":\"https:\/\/rgaa.com.br\/us\/\",\"name\":\"RGAA\",\"description\":\"Rebelo Gloger Advogados Associados\",\"potentialAction\":[{\"@type\":\"SearchAction\",\"target\":{\"@type\":\"EntryPoint\",\"urlTemplate\":\"https:\/\/rgaa.com.br\/us\/?s={search_term_string}\"},\"query-input\":\"required name=search_term_string\"}],\"inLanguage\":\"en-US\"},{\"@type\":\"Person\",\"@id\":\"https:\/\/rgaa.com.br\/us\/#\/schema\/person\/2dca771f785d6eda5433082c90a1ad36\",\"name\":\"Marketing\",\"image\":{\"@type\":\"ImageObject\",\"inLanguage\":\"en-US\",\"@id\":\"https:\/\/rgaa.com.br\/us\/#\/schema\/person\/image\/\",\"url\":\"https:\/\/secure.gravatar.com\/avatar\/39449f3af3ca82f2f6da77eb8eb90823?s=96&d=mm&r=g\",\"contentUrl\":\"https:\/\/secure.gravatar.com\/avatar\/39449f3af3ca82f2f6da77eb8eb90823?s=96&d=mm&r=g\",\"caption\":\"Marketing\"},\"url\":\"https:\/\/rgaa.com.br\/us\/author\/marketing\/\"}]}<\/script>\n<!-- \/ Yoast SEO plugin. -->","yoast_head_json":{"title":"[:pb]CORONAV\u00cdRUS - Pacote Tribut\u00e1rio [:] - RGAA","description":"Diariamente\u00a0t\u00eam sido aprovados\u00a0Medidas Provis\u00f3rias,\u00a0Decretos, Instru\u00e7\u00f5es Normativas\u00a0e\u00a0Portarias\u00a0deliberando sobre\u00a0a prorroga\u00e7\u00e3o do recolhimento de\u00a0tributos\u00a0e redu\u00e7\u00e3o de suas al\u00edquotas, dentre outras medidas.","robots":{"index":"index","follow":"follow","max-snippet":"max-snippet:-1","max-image-preview":"max-image-preview:large","max-video-preview":"max-video-preview:-1"},"canonical":"https:\/\/rgaa.com.br\/coronavirus-pacote-tributario\/","og_locale":"en_US","og_type":"article","og_title":"[:pb]CORONAV\u00cdRUS - Pacote Tribut\u00e1rio [:] - RGAA","og_description":"Diariamente\u00a0t\u00eam sido aprovados\u00a0Medidas Provis\u00f3rias,\u00a0Decretos, Instru\u00e7\u00f5es Normativas\u00a0e\u00a0Portarias\u00a0deliberando sobre\u00a0a prorroga\u00e7\u00e3o do recolhimento de\u00a0tributos\u00a0e redu\u00e7\u00e3o de suas al\u00edquotas, dentre outras medidas.","og_url":"https:\/\/rgaa.com.br\/coronavirus-pacote-tributario\/","og_site_name":"RGAA","article_published_time":"2020-04-04T00:04:47+00:00","article_modified_time":"2020-04-04T00:44:46+00:00","og_image":[{"width":1920,"height":1080,"url":"https:\/\/rgaa.com.br\/wp-content\/uploads\/2020\/04\/naom_59b594bca6927.jpg","type":"image\/jpeg"}],"author":"Marketing","twitter_card":"summary_large_image","twitter_misc":{"Written by":"Marketing","Est. reading time":"6 minutes"},"schema":{"@context":"https:\/\/schema.org","@graph":[{"@type":"WebPage","@id":"https:\/\/rgaa.com.br\/coronavirus-pacote-tributario\/","url":"https:\/\/rgaa.com.br\/coronavirus-pacote-tributario\/","name":"[:pb]CORONAV\u00cdRUS - Pacote Tribut\u00e1rio [:] - RGAA","isPartOf":{"@id":"https:\/\/rgaa.com.br\/us\/#website"},"datePublished":"2020-04-04T00:04:47+00:00","dateModified":"2020-04-04T00:44:46+00:00","author":{"@id":"https:\/\/rgaa.com.br\/us\/#\/schema\/person\/2dca771f785d6eda5433082c90a1ad36"},"description":"Diariamente\u00a0t\u00eam sido aprovados\u00a0Medidas Provis\u00f3rias,\u00a0Decretos, Instru\u00e7\u00f5es Normativas\u00a0e\u00a0Portarias\u00a0deliberando sobre\u00a0a prorroga\u00e7\u00e3o do recolhimento de\u00a0tributos\u00a0e redu\u00e7\u00e3o de suas al\u00edquotas, dentre outras medidas.","breadcrumb":{"@id":"https:\/\/rgaa.com.br\/coronavirus-pacote-tributario\/#breadcrumb"},"inLanguage":"en-US","potentialAction":[{"@type":"ReadAction","target":["https:\/\/rgaa.com.br\/coronavirus-pacote-tributario\/"]}]},{"@type":"BreadcrumbList","@id":"https:\/\/rgaa.com.br\/coronavirus-pacote-tributario\/#breadcrumb","itemListElement":[{"@type":"ListItem","position":1,"name":"In\u00edcio","item":"https:\/\/rgaa.com.br\/us\/"},{"@type":"ListItem","position":2,"name":"CORONAV\u00cdRUS &#8211; Pacote Tribut\u00e1rio"}]},{"@type":"WebSite","@id":"https:\/\/rgaa.com.br\/us\/#website","url":"https:\/\/rgaa.com.br\/us\/","name":"RGAA","description":"Rebelo Gloger Advogados Associados","potentialAction":[{"@type":"SearchAction","target":{"@type":"EntryPoint","urlTemplate":"https:\/\/rgaa.com.br\/us\/?s={search_term_string}"},"query-input":"required name=search_term_string"}],"inLanguage":"en-US"},{"@type":"Person","@id":"https:\/\/rgaa.com.br\/us\/#\/schema\/person\/2dca771f785d6eda5433082c90a1ad36","name":"Marketing","image":{"@type":"ImageObject","inLanguage":"en-US","@id":"https:\/\/rgaa.com.br\/us\/#\/schema\/person\/image\/","url":"https:\/\/secure.gravatar.com\/avatar\/39449f3af3ca82f2f6da77eb8eb90823?s=96&d=mm&r=g","contentUrl":"https:\/\/secure.gravatar.com\/avatar\/39449f3af3ca82f2f6da77eb8eb90823?s=96&d=mm&r=g","caption":"Marketing"},"url":"https:\/\/rgaa.com.br\/us\/author\/marketing\/"}]}},"_links":{"self":[{"href":"https:\/\/rgaa.com.br\/us\/wp-json\/wp\/v2\/posts\/1132"}],"collection":[{"href":"https:\/\/rgaa.com.br\/us\/wp-json\/wp\/v2\/posts"}],"about":[{"href":"https:\/\/rgaa.com.br\/us\/wp-json\/wp\/v2\/types\/post"}],"author":[{"embeddable":true,"href":"https:\/\/rgaa.com.br\/us\/wp-json\/wp\/v2\/users\/5"}],"replies":[{"embeddable":true,"href":"https:\/\/rgaa.com.br\/us\/wp-json\/wp\/v2\/comments?post=1132"}],"version-history":[{"count":3,"href":"https:\/\/rgaa.com.br\/us\/wp-json\/wp\/v2\/posts\/1132\/revisions"}],"predecessor-version":[{"id":1136,"href":"https:\/\/rgaa.com.br\/us\/wp-json\/wp\/v2\/posts\/1132\/revisions\/1136"}],"wp:featuredmedia":[{"embeddable":true,"href":"https:\/\/rgaa.com.br\/us\/wp-json\/wp\/v2\/media\/1133"}],"wp:attachment":[{"href":"https:\/\/rgaa.com.br\/us\/wp-json\/wp\/v2\/media?parent=1132"}],"wp:term":[{"taxonomy":"category","embeddable":true,"href":"https:\/\/rgaa.com.br\/us\/wp-json\/wp\/v2\/categories?post=1132"},{"taxonomy":"post_tag","embeddable":true,"href":"https:\/\/rgaa.com.br\/us\/wp-json\/wp\/v2\/tags?post=1132"}],"curies":[{"name":"wp","href":"https:\/\/api.w.org\/{rel}","templated":true}]}}