{"id":1121,"date":"2020-04-03T13:03:31","date_gmt":"2020-04-03T13:03:31","guid":{"rendered":"https:\/\/rgaa.com.br\/?p=1121"},"modified":"2020-04-04T16:27:32","modified_gmt":"2020-04-04T16:27:32","slug":"coronavirus-medida-provisoria-931-2020","status":"publish","type":"post","link":"https:\/\/rgaa.com.br\/us\/coronavirus-medida-provisoria-931-2020\/","title":{"rendered":"(Portugu\u00eas do Brasil) CORONAV\u00cdRUS &#8211; Medida Provis\u00f3ria 931\/2020"},"content":{"rendered":"<p class=\"qtranxs-available-languages-message qtranxs-available-languages-message-us\">Sorry, this entry is only available in <a href=\"https:\/\/rgaa.com.br\/pb\/wp-json\/wp\/v2\/posts\/1121\" class=\"qtranxs-available-language-link qtranxs-available-language-link-pb\" title=\"Portugu\u00eas do Brasil\">Brazilian Portuguese<\/a>. For the sake of viewer convenience, the content is shown below in the alternative language. You may click the link to switch the active language.<\/p><p><span data-contrast=\"auto\">Recentemente, o Governo Federal\u00a0<\/span><span data-contrast=\"auto\">tem formalizado,<\/span><span data-contrast=\"auto\">\u00a0atrav\u00e9s do Di\u00e1rio Oficial da Uni\u00e3o<\/span><span data-contrast=\"auto\">,<\/span><span data-contrast=\"auto\">\u00a0diversas medidas para o enfrentamento dos efeitos do novo\u00a0<\/span><span data-contrast=\"auto\">coronav\u00edrus<\/span><span data-contrast=\"auto\">\u00a0na economia do\u00a0<\/span><span data-contrast=\"auto\">p<\/span><span data-contrast=\"auto\">a\u00eds.<\/span><span data-ccp-props=\"{&quot;201341983&quot;:0,&quot;335551550&quot;:6,&quot;335551620&quot;:6,&quot;335559739&quot;:160,&quot;335559740&quot;:293}\" data-wac-het=\"1\">\u00a0<\/span><\/p>\n<p><span data-contrast=\"auto\">No dia\u00a0<\/span><span data-contrast=\"auto\">30<\/span><span data-contrast=\"auto\">\u00a0de mar\u00e7o, de forma a\u00a0<\/span><span data-contrast=\"auto\">estender prazos legais \u00e0s empresas<\/span><span data-contrast=\"auto\">\u00a0e\u00a0<\/span><span data-contrast=\"auto\">facilitar\u00a0<\/span><span data-contrast=\"auto\">a realiza\u00e7\u00e3o de\u00a0<\/span><span data-contrast=\"auto\">assembleias, al\u00e9m de\u00a0<\/span><span data-contrast=\"auto\">outras\u00a0<\/span><span data-contrast=\"auto\">disposi\u00e7\u00f5es<\/span><span data-contrast=\"auto\">,\u00a0<\/span><span data-contrast=\"auto\">foi aprovada<\/span><span data-contrast=\"auto\">\u00a0a\u00a0<\/span><b><span data-contrast=\"auto\">Medida Provis\u00f3ria n<\/span><\/b><b><span data-contrast=\"auto\">.<\/span><\/b><b><span data-contrast=\"auto\">\u00a09<\/span><\/b><b><span data-contrast=\"auto\">31<\/span><\/b><b><span data-contrast=\"auto\">\/2020<\/span><\/b><span data-contrast=\"auto\">,\u00a0<\/span><span data-contrast=\"auto\">a qual<\/span><span data-contrast=\"auto\">\u00a0permanecer\u00e1 vigente<\/span><span data-contrast=\"auto\">\u00a0pelo prazo de 120 dias<\/span><span data-contrast=\"auto\">. Referida MP<\/span><span data-contrast=\"auto\">\u00a0pode<\/span><span data-contrast=\"auto\">r\u00e1<\/span><span data-contrast=\"auto\">\u00a0ou n\u00e3o ser convertida em lei enquanto perdurar o estado de calamidade p\u00fablica decretado<\/span><span data-contrast=\"auto\">\u00a0(Decreto Legislativo n. 6, de 2020)<\/span><span data-contrast=\"auto\">,\u00a0<\/span><span data-contrast=\"auto\">mediante delibera\u00e7\u00e3o d<\/span><span data-contrast=\"auto\">o Congresso Nacional<\/span><span data-contrast=\"auto\">.<\/span><span data-ccp-props=\"{&quot;201341983&quot;:0,&quot;335551550&quot;:6,&quot;335551620&quot;:6,&quot;335559739&quot;:160,&quot;335559740&quot;:293}\" data-wac-het=\"1\">\u00a0<\/span><\/p>\n<p><span data-contrast=\"auto\">A seguir<\/span><span data-contrast=\"auto\">,<\/span><span data-contrast=\"auto\">\u00a0apresenta<\/span><span data-contrast=\"auto\">-se<\/span><span data-contrast=\"auto\">\u00a0um resum<\/span><span data-contrast=\"auto\">o sobre\u00a0<\/span><span data-contrast=\"auto\">seu\u00a0<\/span><span data-contrast=\"auto\">conte\u00fado<\/span><span data-contrast=\"auto\">, altera\u00e7\u00f5es legislativas previstas\u00a0<\/span><span data-contrast=\"auto\">e\u00a0<\/span><span data-contrast=\"auto\">algumas\u00a0<\/span><span data-contrast=\"auto\">orienta\u00e7\u00f5es<\/span><span data-contrast=\"auto\">\u00a0pr\u00e1ticas<\/span><span data-contrast=\"auto\">.<\/span><span data-ccp-props=\"{&quot;201341983&quot;:0,&quot;335551550&quot;:6,&quot;335551620&quot;:6,&quot;335559739&quot;:160,&quot;335559740&quot;:293}\" data-wac-het=\"1\">\u00a0<\/span><\/p>\n<p><span data-ccp-props=\"{&quot;201341983&quot;:0,&quot;335551550&quot;:6,&quot;335551620&quot;:6,&quot;335559739&quot;:160,&quot;335559740&quot;:293}\" data-wac-het=\"1\">\u00a0<\/span><\/p>\n<p><b><span data-contrast=\"auto\">SOCIEDADE AN\u00d4NIMA<\/span><\/b><span data-ccp-props=\"{&quot;201341983&quot;:0,&quot;335551550&quot;:6,&quot;335551620&quot;:6,&quot;335559739&quot;:160,&quot;335559740&quot;:293}\" data-wac-het=\"1\">\u00a0<\/span><\/p>\n<p><span data-ccp-props=\"{&quot;201341983&quot;:0,&quot;335551550&quot;:6,&quot;335551620&quot;:6,&quot;335559739&quot;:160,&quot;335559740&quot;:293}\" data-wac-het=\"1\">\u00a0<\/span><\/p>\n<ul>\n<li data-leveltext=\"\uf0d8\" data-font=\"Wingdings\" data-listid=\"9\" aria-setsize=\"-1\" data-aria-posinset=\"1\" data-aria-level=\"1\"><b><span data-contrast=\"auto\">Assembleia Geral Ordin\u00e1ria (AGO)<\/span><\/b><span data-contrast=\"auto\" data-wac-het=\"2\">1<\/span><span data-ccp-props=\"{&quot;134233279&quot;:true,&quot;201341983&quot;:0,&quot;335551550&quot;:6,&quot;335551620&quot;:6,&quot;335559685&quot;:425,&quot;335559739&quot;:120,&quot;335559740&quot;:293,&quot;335559991&quot;:357}\" data-wac-het=\"1\">\u00a0<\/span><\/li>\n<\/ul>\n<p><span data-contrast=\"auto\">A sociedade an\u00f4nima,\u00a0<\/span><b><span data-contrast=\"auto\">cujo exerc\u00edcio social se encerre entre 31 de dezembro de 2019 e 31 de mar\u00e7o de 2020<\/span><\/b><span data-contrast=\"auto\">\u00a0poder\u00e1,\u00a0<\/span><span data-contrast=\"auto\">EXCEPCIONALMENTE<\/span><span data-contrast=\"auto\">, realizar a\u00a0<\/span><span data-contrast=\"auto\">Assembleia Geral Ordin\u00e1r<\/span><span data-contrast=\"auto\">ia\u00a0<\/span><b><span data-contrast=\"auto\">no prazo de\u00a0<\/span><\/b><b><span data-contrast=\"auto\">7\u00a0<\/span><\/b><b><span data-contrast=\"auto\">meses, contado do t\u00e9rmino do seu exerc\u00edcio social<\/span><\/b><span data-contrast=\"auto\">.<\/span><span data-ccp-props=\"{&quot;134233279&quot;:true,&quot;201341983&quot;:0,&quot;335551550&quot;:6,&quot;335551620&quot;:6,&quot;335559685&quot;:426,&quot;335559739&quot;:160,&quot;335559740&quot;:293}\" data-wac-het=\"1\">\u00a0<\/span><\/p>\n<p><span data-ccp-props=\"{&quot;201341983&quot;:0,&quot;335551550&quot;:6,&quot;335551620&quot;:6,&quot;335559739&quot;:160,&quot;335559740&quot;:293}\" data-wac-het=\"1\">\u00a0<\/span><\/p>\n<p><span data-contrast=\"auto\">\u00c0 AGO compete a delibera\u00e7\u00e3o sobre as\u00a0<\/span><span data-contrast=\"auto\">seguintes\u00a0<\/span><span data-contrast=\"auto\">mat\u00e9rias:<\/span><span data-ccp-props=\"{&quot;134233279&quot;:true,&quot;201341983&quot;:0,&quot;335551550&quot;:6,&quot;335551620&quot;:6,&quot;335559685&quot;:426,&quot;335559739&quot;:60,&quot;335559740&quot;:293}\" data-wac-het=\"1\">\u00a0<\/span><\/p>\n<ul>\n<li data-leveltext=\"(%1)\" data-font=\"Century Gothic,Arial\" data-listid=\"8\" aria-setsize=\"-1\" data-aria-posinset=\"1\" data-aria-level=\"1\"><span data-contrast=\"none\">tomada d<\/span><span data-contrast=\"none\">as<\/span><span data-contrast=\"none\">\u00a0contas dos administradores, exame, discuss\u00e3o e vota\u00e7\u00e3o das demonstra\u00e7\u00f5es financeiras;<\/span><span data-ccp-props=\"{&quot;134233279&quot;:true,&quot;201341983&quot;:0,&quot;335551550&quot;:6,&quot;335551620&quot;:6,&quot;335559685&quot;:1276,&quot;335559739&quot;:60,&quot;335559740&quot;:293,&quot;335559991&quot;:441}\" data-wac-het=\"1\">\u00a0<\/span><\/li>\n<\/ul>\n<ul>\n<li data-leveltext=\"(%1)\" data-font=\"Century Gothic,Times New Roman\" data-listid=\"8\" aria-setsize=\"-1\" data-aria-posinset=\"2\" data-aria-level=\"1\"><span data-contrast=\"none\">destina\u00e7\u00e3o do lucro l\u00edquido do exerc\u00edcio e a distribui\u00e7\u00e3o de dividendos;<\/span><span data-ccp-props=\"{&quot;134233279&quot;:true,&quot;201341983&quot;:0,&quot;335551550&quot;:6,&quot;335551620&quot;:6,&quot;335559685&quot;:1276,&quot;335559739&quot;:60,&quot;335559740&quot;:293,&quot;335559991&quot;:441}\" data-wac-het=\"1\">\u00a0<\/span><\/li>\n<\/ul>\n<ul>\n<li data-leveltext=\"(%1)\" data-font=\"Century Gothic,Times New Roman\" data-listid=\"8\" aria-setsize=\"-1\" data-aria-posinset=\"3\" data-aria-level=\"1\"><span data-contrast=\"none\">elei\u00e7\u00e3o dos administradores e dos membros do conselho fiscal, quando for o caso;<\/span><span data-contrast=\"none\">\u00a0e<\/span><span data-ccp-props=\"{&quot;134233279&quot;:true,&quot;201341983&quot;:0,&quot;335551550&quot;:6,&quot;335551620&quot;:6,&quot;335559685&quot;:1276,&quot;335559739&quot;:160,&quot;335559740&quot;:293,&quot;335559991&quot;:441}\" data-wac-het=\"1\">\u00a0<\/span><\/li>\n<\/ul>\n<ul>\n<li data-leveltext=\"(%1)\" data-font=\"Century Gothic,Times New Roman\" data-listid=\"8\" aria-setsize=\"-1\" data-aria-posinset=\"4\" data-aria-level=\"1\"><span data-contrast=\"none\">aprova\u00e7\u00e3o\u00a0<\/span><span data-contrast=\"none\">d<\/span><span data-contrast=\"none\">a corre\u00e7\u00e3o da express\u00e3o monet\u00e1ria do capital social (artigo 167<\/span><span data-contrast=\"none\">\u00a0<\/span><span data-contrast=\"none\">da\u00a0<\/span><a href=\"http:\/\/www.planalto.gov.br\/ccivil_03\/leis\/L6404compilada.htm\"><span data-contrast=\"auto\">Lei n. 6.404<\/span><span data-contrast=\"auto\">\/<\/span><span data-contrast=\"auto\">76<\/span><\/a><span data-contrast=\"none\">)<\/span><span data-contrast=\"none\">.<\/span><span data-ccp-props=\"{&quot;134233279&quot;:true,&quot;201341983&quot;:0,&quot;335551550&quot;:6,&quot;335551620&quot;:6,&quot;335559685&quot;:1276,&quot;335559739&quot;:160,&quot;335559740&quot;:293,&quot;335559991&quot;:441}\" data-wac-het=\"1\">\u00a0<\/span><\/li>\n<\/ul>\n<p><span data-ccp-props=\"{&quot;134233279&quot;:true,&quot;201341983&quot;:0,&quot;335551550&quot;:6,&quot;335551620&quot;:6,&quot;335559685&quot;:714,&quot;335559739&quot;:160,&quot;335559740&quot;:293}\" data-wac-het=\"1\">\u00a0<\/span><\/p>\n<p><b><span data-contrast=\"auto\">Exemplo<\/span><\/b><span data-contrast=\"auto\">. P<\/span><span data-contrast=\"auto\">ara empresas que possuem como encerramento do exerc\u00edcio social a data de 31 de dezembro, a AGO poder\u00e1 ser realizada at\u00e9 a data de 3<\/span><span data-contrast=\"auto\">1<\/span><span data-contrast=\"auto\">\u00a0de\u00a0<\/span><span data-contrast=\"auto\">julho<\/span><span data-contrast=\"auto\">\u00a0de 2020.<\/span><span data-ccp-props=\"{&quot;134233279&quot;:true,&quot;201341983&quot;:0,&quot;335551550&quot;:6,&quot;335551620&quot;:6,&quot;335559685&quot;:426,&quot;335559739&quot;:160,&quot;335559740&quot;:293}\" data-wac-het=\"1\">\u00a0<\/span><\/p>\n<p><span data-ccp-props=\"{&quot;134233279&quot;:true,&quot;201341983&quot;:0,&quot;335551550&quot;:6,&quot;335551620&quot;:6,&quot;335559685&quot;:426,&quot;335559739&quot;:160,&quot;335559740&quot;:293}\" data-wac-het=\"1\">\u00a0<\/span><\/p>\n<p><span data-contrast=\"auto\">Ressalvada a hip\u00f3tese de previs\u00e3o diversa no estatuto social, caber\u00e1 ao conselho de administra\u00e7\u00e3o deliberar,<\/span><b><span data-contrast=\"auto\">\u202f<\/span><\/b><i><span data-contrast=\"auto\">ad referendum<\/span><\/i><span data-contrast=\"auto\">, assuntos urgentes de compet\u00eancia da assembleia geral<\/span><span data-contrast=\"auto\">.<\/span><span data-ccp-props=\"{&quot;134233279&quot;:true,&quot;201341983&quot;:0,&quot;335551550&quot;:6,&quot;335551620&quot;:6,&quot;335559685&quot;:426,&quot;335559739&quot;:160,&quot;335559740&quot;:293}\" data-wac-het=\"1\">\u00a0<\/span><\/p>\n<p><span data-ccp-props=\"{&quot;134233279&quot;:true,&quot;201341983&quot;:0,&quot;335551550&quot;:6,&quot;335551620&quot;:6,&quot;335559685&quot;:426,&quot;335559739&quot;:160,&quot;335559740&quot;:293}\" data-wac-het=\"1\">\u00a0<\/span><\/p>\n<p><span data-contrast=\"auto\">Para as\u00a0<\/span><span data-contrast=\"auto\">Companhias Abertas<\/span><span data-contrast=\"auto\">, a Comiss\u00e3o de Valores Mobili\u00e1rios<\/span><span data-contrast=\"auto\">\u00a0<\/span><span data-contrast=\"auto\">(CVM)\u00a0<\/span><span data-contrast=\"auto\">poder\u00e1<\/span><span data-contrast=\"auto\">\u00a0prorrogar os prazos estabelecidos na\u202f<\/span><a href=\"http:\/\/www.planalto.gov.br\/ccivil_03\/leis\/L6404compilada.htm\"><span data-contrast=\"auto\">Lei n. 6.404<\/span><span data-contrast=\"auto\">\/<\/span><span data-contrast=\"auto\">76<\/span><\/a><span data-contrast=\"auto\">.<\/span><span data-ccp-props=\"{&quot;134233279&quot;:true,&quot;201341983&quot;:0,&quot;335551550&quot;:6,&quot;335551620&quot;:6,&quot;335559685&quot;:426,&quot;335559739&quot;:160,&quot;335559740&quot;:293}\" data-wac-het=\"1\">\u00a0<\/span><\/p>\n<p><span data-ccp-props=\"{&quot;134233279&quot;:true,&quot;201341983&quot;:0,&quot;335551550&quot;:6,&quot;335551620&quot;:6,&quot;335559685&quot;:426,&quot;335559739&quot;:160,&quot;335559740&quot;:293}\" data-wac-het=\"1\">\u00a0<\/span><\/p>\n<p><b><span data-contrast=\"auto\">Local de Realiza\u00e7\u00e3o.<\/span><\/b><span data-contrast=\"auto\">\u00a0A assembleia geral dever\u00e1 ser realizada,\u00a0<\/span><span data-contrast=\"auto\">preferencialmente<\/span><span data-contrast=\"auto\">, no edif\u00edcio onde a companhia tiver sede ou, por motivo de for\u00e7a maior, em outro lugar,\u00a0<\/span><span data-contrast=\"auto\">desde que seja no mesmo Munic\u00edpio da sede e indicado com clareza nos an\u00fancios<\/span><span data-contrast=\"auto\">.<\/span><span data-contrast=\"auto\">\u00a0<\/span><span data-contrast=\"auto\">A Regulamenta\u00e7\u00e3o da Comiss\u00e3o de Valores Mobili\u00e1rios poder\u00e1 excepcionar esta\u00a0<\/span><span data-contrast=\"auto\">regra\u00a0<\/span><span data-contrast=\"auto\">para as sociedades an\u00f4nimas de capital aberto e, inclusive, autorizar a realiza\u00e7\u00e3o de assembleia digital.<\/span><span data-ccp-props=\"{&quot;134233279&quot;:true,&quot;201341983&quot;:0,&quot;335551550&quot;:6,&quot;335551620&quot;:6,&quot;335559685&quot;:426,&quot;335559739&quot;:160,&quot;335559740&quot;:293}\" data-wac-het=\"1\">\u00a0<\/span><\/p>\n<p><span data-ccp-props=\"{&quot;134233279&quot;:true,&quot;201341983&quot;:0,&quot;335551550&quot;:6,&quot;335551620&quot;:6,&quot;335559685&quot;:426,&quot;335559739&quot;:160,&quot;335559740&quot;:293}\" data-wac-het=\"1\">\u00a0<\/span><\/p>\n<ul>\n<li data-leveltext=\"\uf0d8\" data-font=\"Wingdings\" data-listid=\"2\" aria-setsize=\"-1\" data-aria-posinset=\"1\" data-aria-level=\"1\"><b><span data-contrast=\"auto\">Mandatos<\/span><\/b><span data-ccp-props=\"{&quot;134233279&quot;:true,&quot;201341983&quot;:0,&quot;335551550&quot;:6,&quot;335551620&quot;:6,&quot;335559685&quot;:425,&quot;335559739&quot;:160,&quot;335559740&quot;:293,&quot;335559991&quot;:357}\" data-wac-het=\"1\">\u00a0<\/span><\/li>\n<\/ul>\n<p><span data-contrast=\"auto\">Prorroga\u00e7\u00e3o dos\u00a0<\/span><span data-contrast=\"auto\">mandatos\u00a0<\/span><span data-contrast=\"auto\">dos administradores, dos membros do conselho fiscal e de comit\u00eas estatut\u00e1rios\u00a0<\/span><b><span data-contrast=\"auto\">at\u00e9 a realiza\u00e7\u00e3o da assembleia geral ordin\u00e1ria<\/span><\/b><span data-contrast=\"auto\">\u00a0ou at\u00e9 que ocorra a reuni\u00e3o do conselho de administra\u00e7\u00e3o, conforme o caso.<\/span><span data-contrast=\"auto\">1<\/span><span data-ccp-props=\"{&quot;134233279&quot;:true,&quot;201341983&quot;:0,&quot;335551550&quot;:6,&quot;335551620&quot;:6,&quot;335559685&quot;:426,&quot;335559739&quot;:160,&quot;335559740&quot;:293}\" data-wac-het=\"1\">\u00a0<\/span><\/p>\n<p><span data-ccp-props=\"{&quot;201341983&quot;:0,&quot;335551550&quot;:6,&quot;335551620&quot;:6,&quot;335559685&quot;:426,&quot;335559739&quot;:160,&quot;335559740&quot;:293}\" data-wac-het=\"1\">\u00a0<\/span><\/p>\n<p><span data-contrast=\"auto\">Para as\u00a0<\/span><span data-contrast=\"auto\">Companhias Abertas<\/span><span data-contrast=\"auto\">, a Comiss\u00e3o de Valores Mobili\u00e1rios<\/span><span data-contrast=\"auto\">\u00a0<\/span><span data-contrast=\"auto\">poder\u00e1<\/span><span data-contrast=\"auto\">\u00a0prorrogar os prazos estabelecidos na\u202f<\/span><a href=\"http:\/\/www.planalto.gov.br\/ccivil_03\/leis\/L6404compilada.htm\"><span data-contrast=\"auto\">Lei n. 6.404<\/span><span data-contrast=\"auto\">\/<\/span><span data-contrast=\"auto\">76<\/span><\/a><span data-contrast=\"auto\">, cabendo\u00a0<\/span><span data-contrast=\"auto\">\u00e0 CVM\u00a0<\/span><span data-contrast=\"none\">definir a data de apresenta\u00e7\u00e3o das demonstra\u00e7\u00f5es financeiras das companhias abertas.\u202f<\/span><span data-ccp-props=\"{&quot;134233279&quot;:true,&quot;201341983&quot;:0,&quot;335551550&quot;:6,&quot;335551620&quot;:6,&quot;335559685&quot;:425,&quot;335559739&quot;:160,&quot;335559740&quot;:293}\" data-wac-het=\"1\">\u00a0<\/span><\/p>\n<p><span data-ccp-props=\"{&quot;134233279&quot;:true,&quot;201341983&quot;:0,&quot;335551550&quot;:6,&quot;335551620&quot;:6,&quot;335559685&quot;:425,&quot;335559739&quot;:160,&quot;335559740&quot;:293}\" data-wac-het=\"1\">\u00a0<\/span><\/p>\n<ul>\n<li data-leveltext=\"\uf0d8\" data-font=\"Wingdings\" data-listid=\"2\" aria-setsize=\"-1\" data-aria-posinset=\"1\" data-aria-level=\"1\"><b><span data-contrast=\"auto\">Dividendos<\/span><\/b><span data-ccp-props=\"{&quot;134233279&quot;:true,&quot;201341983&quot;:0,&quot;335551550&quot;:6,&quot;335551620&quot;:6,&quot;335559685&quot;:425,&quot;335559739&quot;:60,&quot;335559740&quot;:293,&quot;335559991&quot;:357}\" data-wac-het=\"1\">\u00a0<\/span><\/li>\n<\/ul>\n<p><span data-contrast=\"auto\">At\u00e9 que a\u00a0<\/span><span data-contrast=\"auto\">AGO<\/span><span data-contrast=\"auto\">\u00a0seja realizada,\u00a0<\/span><span data-contrast=\"auto\">o conselho de administra\u00e7\u00e3o<\/span><span data-contrast=\"auto\">\u00a0(<\/span><span data-contrast=\"auto\">se houver<\/span><span data-contrast=\"auto\">)<\/span><span data-contrast=\"auto\">\u00a0<\/span><span data-contrast=\"auto\">ou a diretoria poder<\/span><span data-contrast=\"auto\">\u00e1<\/span><span data-contrast=\"auto\">, independentemente de reforma do estatuto social,\u00a0<\/span><span data-contrast=\"auto\">declarar dividendos<\/span><span data-contrast=\"auto\">, nos termos do disposto no\u202f<\/span><a href=\"http:\/\/www.planalto.gov.br\/ccivil_03\/leis\/L6404compilada.htm\"><span data-contrast=\"auto\">art. 204 da Lei n<\/span><span data-contrast=\"auto\">.<\/span><span data-contrast=\"auto\">\u00a06.404<\/span><span data-contrast=\"auto\">\/<\/span><span data-contrast=\"auto\">76<\/span><\/a><span data-contrast=\"auto\">.<\/span><span data-contrast=\"auto\" data-wac-het=\"2\">2<\/span><span data-ccp-props=\"{&quot;134233279&quot;:true,&quot;201341983&quot;:0,&quot;335551550&quot;:6,&quot;335551620&quot;:6,&quot;335559685&quot;:426,&quot;335559739&quot;:160,&quot;335559740&quot;:293}\" data-wac-het=\"1\">\u00a0<\/span><\/p>\n<p><span data-ccp-props=\"{&quot;134233279&quot;:true,&quot;201341983&quot;:0,&quot;335551550&quot;:6,&quot;335551620&quot;:6,&quot;335559685&quot;:426,&quot;335559739&quot;:160,&quot;335559740&quot;:293}\" data-wac-het=\"1\">\u00a0<\/span><\/p>\n<ul>\n<li data-leveltext=\"\uf0d8\" data-font=\"Wingdings\" data-listid=\"2\" aria-setsize=\"-1\" data-aria-posinset=\"2\" data-aria-level=\"1\"><b><span data-contrast=\"auto\">Vota\u00e7\u00e3o\u00a0<\/span><\/b><b><span data-contrast=\"auto\">Remota<\/span><\/b><span data-ccp-props=\"{&quot;134233279&quot;:true,&quot;201341983&quot;:0,&quot;335551550&quot;:6,&quot;335551620&quot;:6,&quot;335559685&quot;:425,&quot;335559739&quot;:60,&quot;335559740&quot;:293,&quot;335559991&quot;:357}\" data-wac-het=\"1\">\u00a0<\/span><\/li>\n<\/ul>\n<p><span data-contrast=\"none\">P<\/span><span data-contrast=\"none\">ermitida a participa\u00e7\u00e3o e vota\u00e7\u00e3o\u00a0<\/span><span data-contrast=\"none\">remota<\/span><span data-contrast=\"none\">\u00a0de acionistas em assembleia gera<\/span><span data-contrast=\"none\">l.<\/span><span data-contrast=\"none\" data-wac-het=\"2\">3<\/span><span data-ccp-props=\"{&quot;134233279&quot;:true,&quot;201341983&quot;:0,&quot;335551550&quot;:6,&quot;335551620&quot;:6,&quot;335559685&quot;:425,&quot;335559739&quot;:120,&quot;335559740&quot;:293}\" data-wac-het=\"1\">\u00a0<\/span><\/p>\n<p><span data-contrast=\"auto\">Para as\u00a0<\/span><span data-contrast=\"auto\">Companhias Abertas<\/span><span data-contrast=\"auto\">,\u00a0<\/span><span data-contrast=\"auto\">tamb\u00e9m\u00a0<\/span><span data-contrast=\"auto\">fica permitida a participa\u00e7\u00e3o e vota\u00e7\u00e3o\u00a0<\/span><span data-contrast=\"auto\">remota<\/span><span data-contrast=\"auto\">\u00a0de acionistas em assembleia geral, nos termos\u00a0<\/span><span data-contrast=\"auto\">dispostos<\/span><span data-contrast=\"auto\">\u00a0na regulamenta\u00e7\u00e3o da C<\/span><span data-contrast=\"auto\">VM<\/span><span data-contrast=\"auto\">.<\/span><span data-ccp-props=\"{&quot;201341983&quot;:0,&quot;335551550&quot;:6,&quot;335551620&quot;:6,&quot;335559685&quot;:425,&quot;335559739&quot;:160,&quot;335559740&quot;:293}\" data-wac-het=\"1\">\u00a0<\/span><\/p>\n<p><span data-ccp-props=\"{&quot;201341983&quot;:0,&quot;335551550&quot;:6,&quot;335551620&quot;:6,&quot;335559739&quot;:160,&quot;335559740&quot;:293}\" data-wac-het=\"1\">\u00a0<\/span><\/p>\n<p><b><span data-contrast=\"auto\">SOCIEDADE LIMITADA<\/span><\/b><span data-ccp-props=\"{&quot;201341983&quot;:0,&quot;335551550&quot;:6,&quot;335551620&quot;:6,&quot;335559739&quot;:160,&quot;335559740&quot;:293}\" data-wac-het=\"1\">\u00a0<\/span><\/p>\n<p><span data-ccp-props=\"{&quot;201341983&quot;:0,&quot;335551550&quot;:6,&quot;335551620&quot;:6,&quot;335559739&quot;:160,&quot;335559740&quot;:293}\" data-wac-het=\"1\">\u00a0<\/span><\/p>\n<ul>\n<li data-leveltext=\"\uf0d8\" data-font=\"Wingdings\" data-listid=\"2\" aria-setsize=\"-1\" data-aria-posinset=\"1\" data-aria-level=\"1\"><b><span data-contrast=\"auto\">Reuni\u00e3o de S\u00f3cios\/Quotistas<\/span><\/b><span data-ccp-props=\"{&quot;134233279&quot;:true,&quot;201341983&quot;:0,&quot;335551550&quot;:6,&quot;335551620&quot;:6,&quot;335559685&quot;:425,&quot;335559739&quot;:120,&quot;335559740&quot;:293,&quot;335559991&quot;:357}\" data-wac-het=\"1\">\u00a0<\/span><\/li>\n<\/ul>\n<p><span data-contrast=\"auto\">A sociedade limitada,\u00a0<\/span><b><span data-contrast=\"auto\">cujo exerc\u00edcio social se encerre entre 31 de dezembro de 2019 e 31 de mar\u00e7o de 2020<\/span><\/b><span data-contrast=\"auto\">\u00a0poder\u00e1,\u00a0<\/span><span data-contrast=\"auto\">EXCEPCIONALMENTE<\/span><span data-contrast=\"auto\">, realizar a Reuni\u00e3o de S\u00f3cios\/Quotistas\u00a0<\/span><b><span data-contrast=\"auto\">no prazo de\u00a0<\/span><\/b><b><span data-contrast=\"auto\">7\u00a0<\/span><\/b><b><span data-contrast=\"auto\">meses, contado do t\u00e9rmino do seu exerc\u00edcio social<\/span><\/b><span data-contrast=\"auto\">.<\/span><span data-ccp-props=\"{&quot;201341983&quot;:0,&quot;335551550&quot;:6,&quot;335551620&quot;:6,&quot;335559685&quot;:426,&quot;335559739&quot;:160,&quot;335559740&quot;:293}\" data-wac-het=\"1\">\u00a0<\/span><\/p>\n<p><span data-ccp-props=\"{&quot;201341983&quot;:0,&quot;335551550&quot;:6,&quot;335551620&quot;:6,&quot;335559685&quot;:426,&quot;335559739&quot;:160,&quot;335559740&quot;:293}\" data-wac-het=\"1\">\u00a0<\/span><\/p>\n<p><span data-contrast=\"auto\">\u00c0 Reuni\u00e3o de S\u00f3cios\/Quotistas compete a delibera\u00e7\u00e3o sobre as seguintes mat\u00e9rias:<\/span><span data-ccp-props=\"{&quot;134233279&quot;:true,&quot;201341983&quot;:0,&quot;335551550&quot;:6,&quot;335551620&quot;:6,&quot;335559685&quot;:426,&quot;335559739&quot;:60,&quot;335559740&quot;:293}\" data-wac-het=\"1\">\u00a0<\/span><\/p>\n<ul>\n<li data-leveltext=\"(%1)\" data-font=\"Century Gothic,Times New Roman\" data-listid=\"10\" aria-setsize=\"-1\" data-aria-posinset=\"1\" data-aria-level=\"1\"><span data-contrast=\"auto\">t<\/span><span data-contrast=\"auto\">oma<\/span><span data-contrast=\"auto\">da<\/span><span data-contrast=\"auto\">\u00a0<\/span><span data-contrast=\"auto\">d<\/span><span data-contrast=\"auto\">as contas dos administradores e delibera<\/span><span data-contrast=\"auto\">\u00e7\u00e3o<\/span><span data-contrast=\"auto\">\u00a0sobre o balan\u00e7o patrimonial e o\u00a0<\/span><span data-contrast=\"none\">de resultado econ\u00f4mico;<\/span><span data-ccp-props=\"{&quot;134233279&quot;:true,&quot;201341983&quot;:0,&quot;335551550&quot;:6,&quot;335551620&quot;:6,&quot;335559739&quot;:60,&quot;335559740&quot;:293}\" data-wac-het=\"1\">\u00a0<\/span><\/li>\n<\/ul>\n<ul>\n<li data-leveltext=\"(%1)\" data-font=\"Century Gothic,Times New Roman\" data-listid=\"10\" aria-setsize=\"-1\" data-aria-posinset=\"2\" data-aria-level=\"1\"><span data-contrast=\"none\">designa<\/span><span data-contrast=\"none\">\u00e7\u00e3o de<\/span><span data-contrast=\"none\">\u00a0administradores, quando for o caso;<\/span><span data-ccp-props=\"{&quot;134233279&quot;:true,&quot;201341983&quot;:0,&quot;335559739&quot;:60,&quot;335559740&quot;:293}\" data-wac-het=\"1\">\u00a0<\/span><\/li>\n<\/ul>\n<ul>\n<li data-leveltext=\"(%1)\" data-font=\"Century Gothic,Times New Roman\" data-listid=\"10\" aria-setsize=\"-1\" data-aria-posinset=\"3\" data-aria-level=\"1\"><span data-contrast=\"none\">qualquer outro assunto constante da ordem do dia.<\/span><span data-ccp-props=\"{&quot;134233279&quot;:true,&quot;201341983&quot;:0,&quot;335559739&quot;:160,&quot;335559740&quot;:293}\" data-wac-het=\"1\">\u00a0<\/span><\/li>\n<\/ul>\n<p><span data-ccp-props=\"{&quot;134233279&quot;:true,&quot;201341983&quot;:0,&quot;335551550&quot;:6,&quot;335551620&quot;:6,&quot;335559685&quot;:426,&quot;335559739&quot;:160,&quot;335559740&quot;:293}\" data-wac-het=\"1\">\u00a0<\/span><\/p>\n<p><b><span data-contrast=\"auto\">Exemplo<\/span><\/b><span data-contrast=\"auto\">. Para empresas que possuem como encerramento\u00a0<\/span><span data-contrast=\"auto\">do exerc\u00edcio social a data de 31 de dezembro, a Reuni\u00e3o de S\u00f3cios\/Quotistas poder\u00e1 ser realizada at\u00e9 a data de 3<\/span><span data-contrast=\"auto\">1<\/span><span data-contrast=\"auto\">\u00a0de julho de 2020.<\/span><span data-ccp-props=\"{&quot;134233279&quot;:true,&quot;201341983&quot;:0,&quot;335551550&quot;:6,&quot;335551620&quot;:6,&quot;335559685&quot;:426,&quot;335559739&quot;:160,&quot;335559740&quot;:293}\" data-wac-het=\"1\">\u00a0<\/span><\/p>\n<p><span data-ccp-props=\"{&quot;134233279&quot;:true,&quot;201341983&quot;:0,&quot;335551550&quot;:6,&quot;335551620&quot;:6,&quot;335559685&quot;:426,&quot;335559739&quot;:160,&quot;335559740&quot;:293}\" data-wac-het=\"1\">\u00a0<\/span><\/p>\n<ul>\n<li data-leveltext=\"\uf0d8\" data-font=\"Wingdings\" data-listid=\"2\" aria-setsize=\"-1\" data-aria-posinset=\"1\" data-aria-level=\"1\"><b><span data-contrast=\"auto\">Mandatos<\/span><\/b><span data-ccp-props=\"{&quot;134233279&quot;:true,&quot;201341983&quot;:0,&quot;335551550&quot;:6,&quot;335551620&quot;:6,&quot;335559685&quot;:425,&quot;335559739&quot;:60,&quot;335559740&quot;:293,&quot;335559991&quot;:357}\" data-wac-het=\"1\">\u00a0<\/span><\/li>\n<\/ul>\n<p><b><span data-contrast=\"auto\">Prorroga\u00e7\u00e3o do<\/span><\/b><b><span data-contrast=\"auto\">s mandatos<\/span><\/b><span data-contrast=\"auto\">\u00a0dos administradores e dos membros do conselho fiscal<\/span><span data-contrast=\"auto\">, que<\/span><span data-contrast=\"auto\">\u00a0se encerrarem antes da realiza\u00e7\u00e3o da Reuni\u00e3o de S\u00f3cios\/Quotistas<\/span><span data-contrast=\"auto\">,<\/span><span data-contrast=\"auto\">\u00a0at\u00e9 a sua realiza\u00e7\u00e3o.<\/span><span data-ccp-props=\"{&quot;134233279&quot;:true,&quot;201341983&quot;:0,&quot;335551550&quot;:6,&quot;335551620&quot;:6,&quot;335559685&quot;:426,&quot;335559739&quot;:160,&quot;335559740&quot;:293}\" data-wac-het=\"1\">\u00a0<\/span><\/p>\n<p><span data-ccp-props=\"{&quot;134233279&quot;:true,&quot;201341983&quot;:0,&quot;335551550&quot;:6,&quot;335551620&quot;:6,&quot;335559685&quot;:426,&quot;335559739&quot;:160,&quot;335559740&quot;:293}\" data-wac-het=\"1\">\u00a0<\/span><\/p>\n<ul>\n<li data-leveltext=\"\uf0d8\" data-font=\"Wingdings\" data-listid=\"2\" aria-setsize=\"-1\" data-aria-posinset=\"2\" data-aria-level=\"1\"><b><span data-contrast=\"auto\">Vota\u00e7\u00e3o\u00a0<\/span><\/b><b><span data-contrast=\"auto\">Remota<\/span><\/b><span data-ccp-props=\"{&quot;134233279&quot;:true,&quot;201341983&quot;:0,&quot;335551550&quot;:6,&quot;335551620&quot;:6,&quot;335559685&quot;:425,&quot;335559739&quot;:60,&quot;335559740&quot;:293,&quot;335559991&quot;:357}\" data-wac-het=\"1\">\u00a0<\/span><\/li>\n<\/ul>\n<p><span data-contrast=\"none\">P<\/span><span data-contrast=\"none\">ermitida a participa\u00e7\u00e3o e vota\u00e7\u00e3o\u00a0<\/span><span data-contrast=\"none\">remota<\/span><span data-contrast=\"none\">\u00a0<\/span><span data-contrast=\"none\">dos s\u00f3cios\u00a0<\/span><span data-contrast=\"none\">em Reuni\u00e3o de S\u00f3cios\/Quotistas<\/span><span data-contrast=\"none\">.<\/span><span data-contrast=\"none\">3<\/span><span data-ccp-props=\"{&quot;134233279&quot;:true,&quot;201341983&quot;:0,&quot;335551550&quot;:6,&quot;335551620&quot;:6,&quot;335559685&quot;:426,&quot;335559739&quot;:160,&quot;335559740&quot;:293}\" data-wac-het=\"1\">\u00a0<\/span><\/p>\n<p><span data-ccp-props=\"{&quot;134233279&quot;:true,&quot;201341983&quot;:0,&quot;335551550&quot;:6,&quot;335551620&quot;:6,&quot;335559685&quot;:426,&quot;335559739&quot;:160,&quot;335559740&quot;:293}\" data-wac-het=\"1\">\u00a0<\/span><\/p>\n<p><b><span data-contrast=\"auto\">SOCIEDADE COOPERATIVA E A ENTIDADE DE REPRESENTA\u00c7\u00c3O DO COOPERATIVISMO<\/span><\/b><span data-ccp-props=\"{&quot;134233279&quot;:true,&quot;201341983&quot;:0,&quot;335551550&quot;:6,&quot;335551620&quot;:6,&quot;335559685&quot;:720,&quot;335559739&quot;:160,&quot;335559740&quot;:293}\" data-wac-het=\"1\">\u00a0<\/span><\/p>\n<p><span data-ccp-props=\"{&quot;201341983&quot;:0,&quot;335551550&quot;:6,&quot;335551620&quot;:6,&quot;335559739&quot;:160,&quot;335559740&quot;:293}\" data-wac-het=\"1\">\u00a0<\/span><\/p>\n<ul>\n<li data-leveltext=\"\uf0d8\" data-font=\"Wingdings\" data-listid=\"2\" aria-setsize=\"-1\" data-aria-posinset=\"1\" data-aria-level=\"1\"><span data-contrast=\"auto\">Aplicam-se a<\/span><span data-contrast=\"auto\">s mesmas disposi\u00e7\u00f5es referentes \u00e0 extens\u00e3o de prazos para a realiza\u00e7\u00e3o de assembleias\u00a0<\/span><span data-contrast=\"auto\">e reuni\u00f5es,\u00a0<\/span><span data-contrast=\"auto\">e\u00a0<\/span><span data-contrast=\"auto\">extens\u00e3o de prazos de\u00a0<\/span><span data-contrast=\"auto\">mandatos aplic\u00e1veis \u00e0s Sociedades An\u00f4nimas e Limitadas.<\/span><span data-ccp-props=\"{&quot;134233279&quot;:true,&quot;201341983&quot;:0,&quot;335551550&quot;:6,&quot;335551620&quot;:6,&quot;335559685&quot;:425,&quot;335559739&quot;:120,&quot;335559740&quot;:293,&quot;335559991&quot;:357}\" data-wac-het=\"1\">\u00a0<\/span><\/li>\n<\/ul>\n<ul>\n<li data-leveltext=\"\uf0d8\" data-font=\"Wingdings\" data-listid=\"2\" aria-setsize=\"-1\" data-aria-posinset=\"1\" data-aria-level=\"1\"><span data-contrast=\"none\">Permitida a<\/span><span data-contrast=\"none\">\u00a0participa\u00e7\u00e3o e vota\u00e7\u00e3o\u00a0<\/span><span data-contrast=\"none\">remota<\/span><span data-contrast=\"none\">\u00a0dos associados em reuni\u00e3o ou assembleia.<\/span><span data-contrast=\"none\">\u00a03<\/span><span data-ccp-props=\"{&quot;134233279&quot;:true,&quot;201341983&quot;:0,&quot;335551550&quot;:6,&quot;335551620&quot;:6,&quot;335559685&quot;:426,&quot;335559739&quot;:160,&quot;335559740&quot;:293}\" data-wac-het=\"1\">\u00a0<\/span><\/li>\n<\/ul>\n<p><span data-ccp-props=\"{&quot;201341983&quot;:0,&quot;335551550&quot;:6,&quot;335551620&quot;:6,&quot;335559739&quot;:160,&quot;335559740&quot;:293}\" data-wac-het=\"1\">\u00a0<\/span><\/p>\n<p><b><span data-contrast=\"auto\">JUNTAS COMERCIAIS<\/span><\/b><span data-ccp-props=\"{&quot;201341983&quot;:0,&quot;335551550&quot;:6,&quot;335551620&quot;:6,&quot;335559739&quot;:160,&quot;335559740&quot;:293}\" data-wac-het=\"1\">\u00a0<\/span><\/p>\n<p><span data-ccp-props=\"{&quot;134233117&quot;:true,&quot;134233118&quot;:true,&quot;201341983&quot;:0,&quot;335551550&quot;:6,&quot;335551620&quot;:6,&quot;335559740&quot;:293}\" data-wac-het=\"1\">\u00a0<\/span><\/p>\n<ul>\n<li data-leveltext=\"\uf0d8\" data-font=\"Wingdings\" data-listid=\"2\" aria-setsize=\"-1\" data-aria-posinset=\"1\" data-aria-level=\"1\"><span data-contrast=\"auto\">O<\/span><span data-contrast=\"auto\">\u00a0prazo de que trata o\u202fart. 36 da Lei n<\/span><span data-contrast=\"auto\">.<\/span><span data-contrast=\"auto\">\u00a08.934<\/span><span data-contrast=\"auto\">\/94<i>\u2074<\/i><\/span><span data-contrast=\"auto\">\u00a0ser\u00e1 contado da data\u00a0<\/span><span data-contrast=\"auto\">do retorno dos servi\u00e7os da respectiva<\/span><span data-contrast=\"auto\">\u00a0<\/span><span data-contrast=\"auto\">Junta Come<\/span><span data-contrast=\"auto\">rcial<\/span><span data-contrast=\"auto\">, para os atos sujeitos a arquivamento assinados\u00a0<\/span><span data-contrast=\"auto\">a partir de 16 de fevereiro de 2020<\/span><span data-contrast=\"auto\">.<\/span><span data-ccp-props=\"{&quot;134233117&quot;:true,&quot;134233118&quot;:true,&quot;201341983&quot;:0,&quot;335551550&quot;:6,&quot;335551620&quot;:6,&quot;335559685&quot;:425,&quot;335559739&quot;:120,&quot;335559740&quot;:293,&quot;335559991&quot;:357}\" data-wac-het=\"1\">\u00a0<\/span><\/li>\n<li data-leveltext=\"\uf0d8\" data-font=\"Wingdings\" data-listid=\"2\" aria-setsize=\"-1\" data-aria-posinset=\"2\" data-aria-level=\"1\"><span data-contrast=\"auto\">A\u00a0<\/span><span data-contrast=\"auto\">exig\u00eancia de arquivamento pr\u00e9vio de ato para a realiza\u00e7\u00e3o de emiss\u00f5es de valores mobili\u00e1rios e para outros neg\u00f3cios jur\u00eddicos\u00a0<\/span><span data-contrast=\"auto\">fica\u00a0<\/span><b><span data-contrast=\"auto\">suspensa<\/span><\/b><span data-contrast=\"auto\">\u00a0a partir de 1\u00ba de mar\u00e7o de 2020<\/span><span data-contrast=\"auto\">,<\/span><span data-contrast=\"auto\">\u00a0e\u00a0<\/span><span data-contrast=\"auto\">seu<\/span><span data-contrast=\"auto\">\u00a0arquivamento dever\u00e1 ser feito no prazo de\u00a0<\/span><span data-contrast=\"auto\">30\u00a0<\/span><span data-contrast=\"auto\">dias,\u00a0<\/span><span data-contrast=\"auto\">contado da data do retorno dos servi\u00e7os da respectiva Junta Comercial<\/span><span data-contrast=\"auto\">.<\/span><span data-ccp-props=\"{&quot;134233117&quot;:true,&quot;134233118&quot;:true,&quot;201341983&quot;:0,&quot;335551550&quot;:6,&quot;335551620&quot;:6,&quot;335559685&quot;:426,&quot;335559740&quot;:293}\" data-wac-het=\"1\">\u00a0<\/span><\/li>\n<\/ul>\n<p>&nbsp;<\/p>\n<p><span data-contrast=\"auto\">A<\/span><span data-contrast=\"auto\">\u00a0<strong>RGAA<\/strong>\u00a0<\/span><span data-contrast=\"auto\">est\u00e1\u00a0<\/span><span data-contrast=\"auto\">\u00e0 disposi\u00e7\u00e3o para sanar eventuais d\u00favidas sobre\u00a0<\/span><span data-contrast=\"auto\">esta\u00a0<\/span><span data-contrast=\"auto\">MP\u00a0<\/span><span data-contrast=\"auto\">ou quaisquer outr<\/span><span data-contrast=\"auto\">o<\/span><span data-contrast=\"auto\">s\u00a0<\/span><span data-contrast=\"auto\">assuntos relacionados\u00a0<\/span><span data-contrast=\"auto\">\u00e0s<\/span><span data-contrast=\"auto\">\u00a0<strong>altera\u00e7\u00f5es legislativas\u00a0<\/strong><\/span><span data-contrast=\"auto\"><strong>excepcionais<\/strong> decorrentes da pandemia<\/span><span data-contrast=\"auto\">\u00a0<\/span><span data-contrast=\"auto\">do <strong>COVID 19<\/strong>.<\/span><span data-ccp-props=\"{&quot;201341983&quot;:0,&quot;335551550&quot;:6,&quot;335551620&quot;:6,&quot;335559739&quot;:160,&quot;335559740&quot;:293}\" data-wac-het=\"1\">\u00a0<\/span><\/p>\n<p>&nbsp;<\/p>\n<p>1. Aplicam-se estas disposi\u00e7\u00f5es \u00e0s empresas p\u00fablicas, \u00e0s sociedades de economia mista e \u00e0s subsidi\u00e1rias das referidas empresas e sociedades.<\/p>\n<p>2. Art. 204. A companhia que, por for\u00e7a de lei ou de disposi\u00e7\u00e3o estatut\u00e1ria, levantar balan\u00e7o semestral, poder\u00e1 declarar, por delibera\u00e7\u00e3o dos \u00f3rg\u00e3os de administra\u00e7\u00e3o, se autorizados pelo estatuto, dividendo \u00e0 conta do lucro apurado nesse balan\u00e7o.<\/p>\n<p>3. Obedecidos os termos do disposto na regulamenta\u00e7\u00e3o do Departamento Nacional de Registro Empresarial e Integra\u00e7\u00e3o da Secretaria Especial de Desburocratiza\u00e7\u00e3o, Gest\u00e3o e Governo Digital do Minist\u00e9rio da Economia.<\/p>\n<p>4. Art. 36. Os documentos referidos no inciso II do art. 32 dever\u00e3o ser apresentados a arquivamento na junta, dentro de 30 (trinta) dias contados de sua assinatura, a cuja data retroagir\u00e3o os efeitos do arquivamento; fora desse prazo, o arquivamento s\u00f3 ter\u00e1 efic\u00e1cia a partir do despacho que o conceder.<\/p>","protected":false},"excerpt":{"rendered":"<p>Sorry, this entry is only available in Brazilian Portuguese. For the sake of viewer convenience, the content is shown below in the alternative language. You may click the link to switch the active language.Recentemente, o Governo Federal\u00a0tem formalizado,\u00a0atrav\u00e9s do Di\u00e1rio Oficial da Uni\u00e3o,\u00a0diversas medidas para o enfrentamento dos efeitos do novo\u00a0coronav\u00edrus\u00a0na economia do\u00a0pa\u00eds.\u00a0 No dia\u00a030\u00a0de&#8230;<\/p>\n","protected":false},"author":5,"featured_media":1122,"comment_status":"open","ping_status":"open","sticky":false,"template":"","format":"standard","meta":[],"categories":[17,477],"tags":[499,505,506,507,209],"yoast_head":"<!-- This site is optimized with the Yoast SEO plugin v20.0 - https:\/\/yoast.com\/wordpress\/plugins\/seo\/ -->\n<title><\/title>\n<meta name=\"description\" content=\"Recentemente, o Governo Federal\u00a0tem formalizado,\u00a0atrav\u00e9s do Di\u00e1rio Oficial da Uni\u00e3o,\u00a0diversas medidas para o enfrentamento dos efeitos do novo\u00a0coronav\u00edrus\u00a0na economia do\u00a0pa\u00eds\" \/>\n<meta name=\"robots\" content=\"index, follow, max-snippet:-1, max-image-preview:large, max-video-preview:-1\" \/>\n<link rel=\"canonical\" href=\"https:\/\/rgaa.com.br\/coronavirus-medida-provisoria-931-2020\/\" \/>\n<meta property=\"og:locale\" content=\"en_US\" \/>\n<meta property=\"og:type\" content=\"article\" \/>\n<meta property=\"og:title\" content=\"[:pb]CORONAV\u00cdRUS - Medida Provis\u00f3ria 931\/2020[:] - RGAA\" \/>\n<meta property=\"og:description\" content=\"Recentemente, o Governo Federal\u00a0tem formalizado,\u00a0atrav\u00e9s do Di\u00e1rio Oficial da Uni\u00e3o,\u00a0diversas medidas para o enfrentamento dos efeitos do novo\u00a0coronav\u00edrus\u00a0na economia do\u00a0pa\u00eds\" \/>\n<meta property=\"og:url\" content=\"https:\/\/rgaa.com.br\/coronavirus-medida-provisoria-931-2020\/\" \/>\n<meta property=\"og:site_name\" content=\"RGAA\" \/>\n<meta property=\"article:published_time\" content=\"2020-04-03T13:03:31+00:00\" \/>\n<meta property=\"article:modified_time\" content=\"2020-04-04T16:27:32+00:00\" \/>\n<meta property=\"og:image\" content=\"https:\/\/rgaa.com.br\/wp-content\/uploads\/2020\/04\/0507gnbCeW.jpeg\" \/>\n\t<meta property=\"og:image:width\" content=\"1170\" \/>\n\t<meta property=\"og:image:height\" content=\"780\" \/>\n\t<meta property=\"og:image:type\" content=\"image\/jpeg\" \/>\n<meta name=\"author\" content=\"Marketing\" \/>\n<meta name=\"twitter:card\" content=\"summary_large_image\" \/>\n<meta name=\"twitter:label1\" content=\"Written by\" \/>\n\t<meta name=\"twitter:data1\" content=\"Marketing\" \/>\n\t<meta name=\"twitter:label2\" content=\"Est. reading time\" \/>\n\t<meta name=\"twitter:data2\" content=\"5 minutes\" \/>\n<script type=\"application\/ld+json\" class=\"yoast-schema-graph\">{\"@context\":\"https:\/\/schema.org\",\"@graph\":[{\"@type\":\"WebPage\",\"@id\":\"https:\/\/rgaa.com.br\/coronavirus-medida-provisoria-931-2020\/\",\"url\":\"https:\/\/rgaa.com.br\/coronavirus-medida-provisoria-931-2020\/\",\"name\":\"[:pb]CORONAV\u00cdRUS - Medida Provis\u00f3ria 931\/2020[:] - RGAA\",\"isPartOf\":{\"@id\":\"https:\/\/rgaa.com.br\/us\/#website\"},\"datePublished\":\"2020-04-03T13:03:31+00:00\",\"dateModified\":\"2020-04-04T16:27:32+00:00\",\"author\":{\"@id\":\"https:\/\/rgaa.com.br\/us\/#\/schema\/person\/2dca771f785d6eda5433082c90a1ad36\"},\"description\":\"Recentemente, o Governo Federal\u00a0tem formalizado,\u00a0atrav\u00e9s do Di\u00e1rio Oficial da Uni\u00e3o,\u00a0diversas medidas para o enfrentamento dos efeitos do novo\u00a0coronav\u00edrus\u00a0na economia do\u00a0pa\u00eds\",\"breadcrumb\":{\"@id\":\"https:\/\/rgaa.com.br\/coronavirus-medida-provisoria-931-2020\/#breadcrumb\"},\"inLanguage\":\"en-US\",\"potentialAction\":[{\"@type\":\"ReadAction\",\"target\":[\"https:\/\/rgaa.com.br\/coronavirus-medida-provisoria-931-2020\/\"]}]},{\"@type\":\"BreadcrumbList\",\"@id\":\"https:\/\/rgaa.com.br\/coronavirus-medida-provisoria-931-2020\/#breadcrumb\",\"itemListElement\":[{\"@type\":\"ListItem\",\"position\":1,\"name\":\"In\u00edcio\",\"item\":\"https:\/\/rgaa.com.br\/us\/\"},{\"@type\":\"ListItem\",\"position\":2,\"name\":\"CORONAV\u00cdRUS &#8211; Medida Provis\u00f3ria 931\/2020\"}]},{\"@type\":\"WebSite\",\"@id\":\"https:\/\/rgaa.com.br\/us\/#website\",\"url\":\"https:\/\/rgaa.com.br\/us\/\",\"name\":\"RGAA\",\"description\":\"Rebelo Gloger Advogados Associados\",\"potentialAction\":[{\"@type\":\"SearchAction\",\"target\":{\"@type\":\"EntryPoint\",\"urlTemplate\":\"https:\/\/rgaa.com.br\/us\/?s={search_term_string}\"},\"query-input\":\"required name=search_term_string\"}],\"inLanguage\":\"en-US\"},{\"@type\":\"Person\",\"@id\":\"https:\/\/rgaa.com.br\/us\/#\/schema\/person\/2dca771f785d6eda5433082c90a1ad36\",\"name\":\"Marketing\",\"image\":{\"@type\":\"ImageObject\",\"inLanguage\":\"en-US\",\"@id\":\"https:\/\/rgaa.com.br\/us\/#\/schema\/person\/image\/\",\"url\":\"https:\/\/secure.gravatar.com\/avatar\/39449f3af3ca82f2f6da77eb8eb90823?s=96&d=mm&r=g\",\"contentUrl\":\"https:\/\/secure.gravatar.com\/avatar\/39449f3af3ca82f2f6da77eb8eb90823?s=96&d=mm&r=g\",\"caption\":\"Marketing\"},\"url\":\"https:\/\/rgaa.com.br\/us\/author\/marketing\/\"}]}<\/script>\n<!-- \/ Yoast SEO plugin. -->","yoast_head_json":{"title":"[:pb]CORONAV\u00cdRUS - Medida Provis\u00f3ria 931\/2020[:] - RGAA","description":"Recentemente, o Governo Federal\u00a0tem formalizado,\u00a0atrav\u00e9s do Di\u00e1rio Oficial da Uni\u00e3o,\u00a0diversas medidas para o enfrentamento dos efeitos do novo\u00a0coronav\u00edrus\u00a0na economia do\u00a0pa\u00eds","robots":{"index":"index","follow":"follow","max-snippet":"max-snippet:-1","max-image-preview":"max-image-preview:large","max-video-preview":"max-video-preview:-1"},"canonical":"https:\/\/rgaa.com.br\/coronavirus-medida-provisoria-931-2020\/","og_locale":"en_US","og_type":"article","og_title":"[:pb]CORONAV\u00cdRUS - Medida Provis\u00f3ria 931\/2020[:] - RGAA","og_description":"Recentemente, o Governo Federal\u00a0tem formalizado,\u00a0atrav\u00e9s do Di\u00e1rio Oficial da Uni\u00e3o,\u00a0diversas medidas para o enfrentamento dos efeitos do novo\u00a0coronav\u00edrus\u00a0na economia do\u00a0pa\u00eds","og_url":"https:\/\/rgaa.com.br\/coronavirus-medida-provisoria-931-2020\/","og_site_name":"RGAA","article_published_time":"2020-04-03T13:03:31+00:00","article_modified_time":"2020-04-04T16:27:32+00:00","og_image":[{"width":1170,"height":780,"url":"https:\/\/rgaa.com.br\/wp-content\/uploads\/2020\/04\/0507gnbCeW.jpeg","type":"image\/jpeg"}],"author":"Marketing","twitter_card":"summary_large_image","twitter_misc":{"Written by":"Marketing","Est. reading time":"5 minutes"},"schema":{"@context":"https:\/\/schema.org","@graph":[{"@type":"WebPage","@id":"https:\/\/rgaa.com.br\/coronavirus-medida-provisoria-931-2020\/","url":"https:\/\/rgaa.com.br\/coronavirus-medida-provisoria-931-2020\/","name":"[:pb]CORONAV\u00cdRUS - Medida Provis\u00f3ria 931\/2020[:] - RGAA","isPartOf":{"@id":"https:\/\/rgaa.com.br\/us\/#website"},"datePublished":"2020-04-03T13:03:31+00:00","dateModified":"2020-04-04T16:27:32+00:00","author":{"@id":"https:\/\/rgaa.com.br\/us\/#\/schema\/person\/2dca771f785d6eda5433082c90a1ad36"},"description":"Recentemente, o Governo Federal\u00a0tem formalizado,\u00a0atrav\u00e9s do Di\u00e1rio Oficial da Uni\u00e3o,\u00a0diversas medidas para o enfrentamento dos efeitos do novo\u00a0coronav\u00edrus\u00a0na economia do\u00a0pa\u00eds","breadcrumb":{"@id":"https:\/\/rgaa.com.br\/coronavirus-medida-provisoria-931-2020\/#breadcrumb"},"inLanguage":"en-US","potentialAction":[{"@type":"ReadAction","target":["https:\/\/rgaa.com.br\/coronavirus-medida-provisoria-931-2020\/"]}]},{"@type":"BreadcrumbList","@id":"https:\/\/rgaa.com.br\/coronavirus-medida-provisoria-931-2020\/#breadcrumb","itemListElement":[{"@type":"ListItem","position":1,"name":"In\u00edcio","item":"https:\/\/rgaa.com.br\/us\/"},{"@type":"ListItem","position":2,"name":"CORONAV\u00cdRUS &#8211; Medida Provis\u00f3ria 931\/2020"}]},{"@type":"WebSite","@id":"https:\/\/rgaa.com.br\/us\/#website","url":"https:\/\/rgaa.com.br\/us\/","name":"RGAA","description":"Rebelo Gloger Advogados Associados","potentialAction":[{"@type":"SearchAction","target":{"@type":"EntryPoint","urlTemplate":"https:\/\/rgaa.com.br\/us\/?s={search_term_string}"},"query-input":"required name=search_term_string"}],"inLanguage":"en-US"},{"@type":"Person","@id":"https:\/\/rgaa.com.br\/us\/#\/schema\/person\/2dca771f785d6eda5433082c90a1ad36","name":"Marketing","image":{"@type":"ImageObject","inLanguage":"en-US","@id":"https:\/\/rgaa.com.br\/us\/#\/schema\/person\/image\/","url":"https:\/\/secure.gravatar.com\/avatar\/39449f3af3ca82f2f6da77eb8eb90823?s=96&d=mm&r=g","contentUrl":"https:\/\/secure.gravatar.com\/avatar\/39449f3af3ca82f2f6da77eb8eb90823?s=96&d=mm&r=g","caption":"Marketing"},"url":"https:\/\/rgaa.com.br\/us\/author\/marketing\/"}]}},"_links":{"self":[{"href":"https:\/\/rgaa.com.br\/us\/wp-json\/wp\/v2\/posts\/1121"}],"collection":[{"href":"https:\/\/rgaa.com.br\/us\/wp-json\/wp\/v2\/posts"}],"about":[{"href":"https:\/\/rgaa.com.br\/us\/wp-json\/wp\/v2\/types\/post"}],"author":[{"embeddable":true,"href":"https:\/\/rgaa.com.br\/us\/wp-json\/wp\/v2\/users\/5"}],"replies":[{"embeddable":true,"href":"https:\/\/rgaa.com.br\/us\/wp-json\/wp\/v2\/comments?post=1121"}],"version-history":[{"count":9,"href":"https:\/\/rgaa.com.br\/us\/wp-json\/wp\/v2\/posts\/1121\/revisions"}],"predecessor-version":[{"id":1137,"href":"https:\/\/rgaa.com.br\/us\/wp-json\/wp\/v2\/posts\/1121\/revisions\/1137"}],"wp:featuredmedia":[{"embeddable":true,"href":"https:\/\/rgaa.com.br\/us\/wp-json\/wp\/v2\/media\/1122"}],"wp:attachment":[{"href":"https:\/\/rgaa.com.br\/us\/wp-json\/wp\/v2\/media?parent=1121"}],"wp:term":[{"taxonomy":"category","embeddable":true,"href":"https:\/\/rgaa.com.br\/us\/wp-json\/wp\/v2\/categories?post=1121"},{"taxonomy":"post_tag","embeddable":true,"href":"https:\/\/rgaa.com.br\/us\/wp-json\/wp\/v2\/tags?post=1121"}],"curies":[{"name":"wp","href":"https:\/\/api.w.org\/{rel}","templated":true}]}}